{"id":14042,"date":"2021-07-11T23:52:52","date_gmt":"2021-07-11T23:52:52","guid":{"rendered":"https:\/\/thebeautyscope.in\/index.php\/2021\/07\/11\/dakar-fashion-week-le-meilleur-de-la-mode-africaine\/"},"modified":"2021-07-11T23:52:52","modified_gmt":"2021-07-11T23:52:52","slug":"dakar-fashion-week-le-meilleur-de-la-mode-africaine","status":"publish","type":"post","link":"https:\/\/thebeautyscope.in\/index.php\/2021\/07\/11\/dakar-fashion-week-le-meilleur-de-la-mode-africaine\/","title":{"rendered":"Dakar Fashion Week : le meilleur de la mode africaine"},"content":{"rendered":"<p>Les stylistes africains ont pr\u00e9sent\u00e9 leurs nouveaut\u00e9s lors de cette 17e Fashion Week, un \u00e9v\u00e9nement qui permet \u00e0 de nouveaux cr\u00e9ateurs de se faire un nom dans le secteur de la mode, en pleine expansion sur le continent.\u2026<br \/>\nLIRE L\u2019ARTICLE : <\/p>\n<p>Aujourd&#8217;hui dans l&#8217;actualit\u00e9 : les titres en vid\u00e9o <\/p>\n<p>euronews : la cha\u00eene d&#8217;information la plus regard\u00e9e en Europe.<br \/>\nAbonnez-vous ! <\/p>\n<p>euronews est disponible en 13 langues: <\/p>\n<p>En fran\u00e7ais :<br \/>\nSite internet :<br \/>\nFacebook :<br \/>\nTwitter :<br \/>\nGoogle+ :<br \/>\n<br \/><a href=\"https:\/\/www.youtube.com\/watch?v=WYJ7Li0o0mk\">source<\/a><\/p>\n","protected":false},"excerpt":{"rendered":"<p>Les stylistes africains ont pr\u00e9sent\u00e9 leurs nouveaut\u00e9s lors de cette 17e Fashion Week, un \u00e9v\u00e9nement qui permet \u00e0 de nouveaux cr\u00e9ateurs de se faire un nom dans le secteur de la mode, en pleine expansion sur le continent.\u2026 LIRE L\u2019ARTICLE : Aujourd&#8217;hui dans l&#8217;actualit\u00e9 : les titres en vid\u00e9o euronews : la cha\u00eene d&#8217;information la [&hellip;]<\/p>\n","protected":false},"author":1,"featured_media":14043,"comment_status":"open","ping_status":"open","sticky":false,"template":"","format":"video","meta":{"footnotes":""},"categories":[5],"tags":[11344,1920,127,4065,1761,128],"class_list":["post-14042","post","type-post","status-publish","format-video","has-post-thumbnail","hentry","category-fashion","tag-africaine","tag-dakar","tag-fashion","tag-meilleur","tag-mode","tag-week","post_format-post-format-video"],"_links":{"self":[{"href":"https:\/\/thebeautyscope.in\/index.php\/wp-json\/wp\/v2\/posts\/14042"}],"collection":[{"href":"https:\/\/thebeautyscope.in\/index.php\/wp-json\/wp\/v2\/posts"}],"about":[{"href":"https:\/\/thebeautyscope.in\/index.php\/wp-json\/wp\/v2\/types\/post"}],"author":[{"embeddable":true,"href":"https:\/\/thebeautyscope.in\/index.php\/wp-json\/wp\/v2\/users\/1"}],"replies":[{"embeddable":true,"href":"https:\/\/thebeautyscope.in\/index.php\/wp-json\/wp\/v2\/comments?post=14042"}],"version-history":[{"count":0,"href":"https:\/\/thebeautyscope.in\/index.php\/wp-json\/wp\/v2\/posts\/14042\/revisions"}],"wp:featuredmedia":[{"embeddable":true,"href":"https:\/\/thebeautyscope.in\/index.php\/wp-json\/wp\/v2\/media\/14043"}],"wp:attachment":[{"href":"https:\/\/thebeautyscope.in\/index.php\/wp-json\/wp\/v2\/media?parent=14042"}],"wp:term":[{"taxonomy":"category","embeddable":true,"href":"https:\/\/thebeautyscope.in\/index.php\/wp-json\/wp\/v2\/categories?post=14042"},{"taxonomy":"post_tag","embeddable":true,"href":"https:\/\/thebeautyscope.in\/index.php\/wp-json\/wp\/v2\/tags?post=14042"}],"curies":[{"name":"wp","href":"https:\/\/api.w.org\/{rel}","templated":true}]}}