{"id":17703,"date":"2021-09-30T10:37:16","date_gmt":"2021-09-30T10:37:16","guid":{"rendered":"https:\/\/thebeautyscope.in\/index.php\/2021\/09\/30\/wahnsinns-auftritt-leni-klum-rockt-die-about-you-fashion-week-in-berlin\/"},"modified":"2021-09-30T10:37:16","modified_gmt":"2021-09-30T10:37:16","slug":"wahnsinns-auftritt-leni-klum-rockt-die-about-you-fashion-week-in-berlin","status":"publish","type":"post","link":"https:\/\/thebeautyscope.in\/index.php\/2021\/09\/30\/wahnsinns-auftritt-leni-klum-rockt-die-about-you-fashion-week-in-berlin\/","title":{"rendered":"Wahnsinns-Auftritt! Leni Klum rockt die ABOUT YOU Fashion Week in Berlin"},"content":{"rendered":"<p>Leni Klum ist auf Erfolgskurs und dabei, in die gro\u00dfen Fu\u00dfstapfen ihrer Mutter Heidi Klum zu treten. Das Model ist zum ersten Mal bei der diesj\u00e4hrigen ABOUT YOU Fashion Week gewesen, rockte den Catwalk und legte einen Wahnsinns-Auftritt hin. \u00dcber welchen gro\u00dfen Meilenstein sich Leni Klum ebenfalls freute? Das gibt es in unserem Video zu sehen. <\/p>\n<p>_______________________________________________________<\/p>\n<p>Dir gef\u00e4llt das Video? Dann Daumen hoch und nat\u00fcrlich ein Abo da lassen!<\/p>\n<p>Mehr Promi-News und exklusive Stories gibt es hier:<\/p>\n<p>\u27a4 Website:<br \/>\n\u27a4 TikTok:<br \/>\n\u27a4 Facebook:<br \/>\n\u27a4 Instagram: <\/p>\n<p>Es gibt Stars, Filme, Serien, YouTuber oder Themen, die du bei uns nicht findest, oder von denen du gerne mehr sehen w\u00fcrdest? Z\u00f6gere nicht und schick uns einfach eine Mail an itsin@freshclip.de<\/p>\n<p>#LeniKlum #FashionWeek #Berlin<br \/>\n<br \/><a href=\"https:\/\/www.youtube.com\/watch?v=OXe8EObviPE\">source<\/a><\/p>\n","protected":false},"excerpt":{"rendered":"<p>Leni Klum ist auf Erfolgskurs und dabei, in die gro\u00dfen Fu\u00dfstapfen ihrer Mutter Heidi Klum zu treten. Das Model ist zum ersten Mal bei der diesj\u00e4hrigen ABOUT YOU Fashion Week gewesen, rockte den Catwalk und legte einen Wahnsinns-Auftritt hin. \u00dcber welchen gro\u00dfen Meilenstein sich Leni Klum ebenfalls freute? Das gibt es in unserem Video zu [&hellip;]<\/p>\n","protected":false},"author":1,"featured_media":17704,"comment_status":"open","ping_status":"open","sticky":false,"template":"","format":"video","meta":{"footnotes":""},"categories":[5],"tags":[1131,2394,127,12030,7630,13271,13270,128],"class_list":["post-17703","post","type-post","status-publish","format-video","has-post-thumbnail","hentry","category-fashion","tag-berlin","tag-die","tag-fashion","tag-klum","tag-leni","tag-rockt","tag-wahnsinnsauftritt","tag-week","post_format-post-format-video"],"_links":{"self":[{"href":"https:\/\/thebeautyscope.in\/index.php\/wp-json\/wp\/v2\/posts\/17703"}],"collection":[{"href":"https:\/\/thebeautyscope.in\/index.php\/wp-json\/wp\/v2\/posts"}],"about":[{"href":"https:\/\/thebeautyscope.in\/index.php\/wp-json\/wp\/v2\/types\/post"}],"author":[{"embeddable":true,"href":"https:\/\/thebeautyscope.in\/index.php\/wp-json\/wp\/v2\/users\/1"}],"replies":[{"embeddable":true,"href":"https:\/\/thebeautyscope.in\/index.php\/wp-json\/wp\/v2\/comments?post=17703"}],"version-history":[{"count":0,"href":"https:\/\/thebeautyscope.in\/index.php\/wp-json\/wp\/v2\/posts\/17703\/revisions"}],"wp:featuredmedia":[{"embeddable":true,"href":"https:\/\/thebeautyscope.in\/index.php\/wp-json\/wp\/v2\/media\/17704"}],"wp:attachment":[{"href":"https:\/\/thebeautyscope.in\/index.php\/wp-json\/wp\/v2\/media?parent=17703"}],"wp:term":[{"taxonomy":"category","embeddable":true,"href":"https:\/\/thebeautyscope.in\/index.php\/wp-json\/wp\/v2\/categories?post=17703"},{"taxonomy":"post_tag","embeddable":true,"href":"https:\/\/thebeautyscope.in\/index.php\/wp-json\/wp\/v2\/tags?post=17703"}],"curies":[{"name":"wp","href":"https:\/\/api.w.org\/{rel}","templated":true}]}}