{"id":18191,"date":"2021-10-11T01:26:45","date_gmt":"2021-10-11T01:26:45","guid":{"rendered":"https:\/\/thebeautyscope.in\/index.php\/2021\/10\/11\/critican-a-kunno-por-caminata-fallida-en-pasarela-de-fashion-week\/"},"modified":"2021-10-11T01:26:45","modified_gmt":"2021-10-11T01:26:45","slug":"critican-a-kunno-por-caminata-fallida-en-pasarela-de-fashion-week","status":"publish","type":"post","link":"https:\/\/thebeautyscope.in\/index.php\/2021\/10\/11\/critican-a-kunno-por-caminata-fallida-en-pasarela-de-fashion-week\/","title":{"rendered":"Critican a Kunno por caminata &#39;fallida&#39; en pasarela de &#39;Fashion Week&#39;"},"content":{"rendered":"<p>Fue a trav\u00e9s de redes sociales en donde Kunno fue se\u00f1alado por su participaci\u00f3n en la pasarela del New York Fashion Week. \u00bfNo model\u00f3 bien?<\/p>\n<p>#MilenioHey! #M2 #Kunno #FashionWeek <\/p>\n<p>Suscr\u00edbete a nuestro canal: <\/p>\n<p>Sigue nuestro EN VIVO las 24 horas: <\/p>\n<p>Sitio:<br \/>\nFacebook:<br \/>\nTwitter:<br \/>\n<br \/><a href=\"https:\/\/www.youtube.com\/watch?v=W8N8bQeZI08\">source<\/a><\/p>\n","protected":false},"excerpt":{"rendered":"<p>Fue a trav\u00e9s de redes sociales en donde Kunno fue se\u00f1alado por su participaci\u00f3n en la pasarela del New York Fashion Week. \u00bfNo model\u00f3 bien? #MilenioHey! #M2 #Kunno #FashionWeek Suscr\u00edbete a nuestro canal: Sigue nuestro EN VIVO las 24 horas: Sitio: Facebook: Twitter: source<\/p>\n","protected":false},"author":1,"featured_media":18192,"comment_status":"open","ping_status":"open","sticky":false,"template":"","format":"video","meta":{"footnotes":""},"categories":[5],"tags":[13522,13523,13521,13520,12936,1371,10422,13188],"class_list":["post-18191","post","type-post","status-publish","format-video","has-post-thumbnail","hentry","category-fashion","tag-39fallida39","tag-39fashion","tag-caminata","tag-critican","tag-kunno","tag-pasarela","tag-por","tag-week39","post_format-post-format-video"],"_links":{"self":[{"href":"https:\/\/thebeautyscope.in\/index.php\/wp-json\/wp\/v2\/posts\/18191"}],"collection":[{"href":"https:\/\/thebeautyscope.in\/index.php\/wp-json\/wp\/v2\/posts"}],"about":[{"href":"https:\/\/thebeautyscope.in\/index.php\/wp-json\/wp\/v2\/types\/post"}],"author":[{"embeddable":true,"href":"https:\/\/thebeautyscope.in\/index.php\/wp-json\/wp\/v2\/users\/1"}],"replies":[{"embeddable":true,"href":"https:\/\/thebeautyscope.in\/index.php\/wp-json\/wp\/v2\/comments?post=18191"}],"version-history":[{"count":0,"href":"https:\/\/thebeautyscope.in\/index.php\/wp-json\/wp\/v2\/posts\/18191\/revisions"}],"wp:featuredmedia":[{"embeddable":true,"href":"https:\/\/thebeautyscope.in\/index.php\/wp-json\/wp\/v2\/media\/18192"}],"wp:attachment":[{"href":"https:\/\/thebeautyscope.in\/index.php\/wp-json\/wp\/v2\/media?parent=18191"}],"wp:term":[{"taxonomy":"category","embeddable":true,"href":"https:\/\/thebeautyscope.in\/index.php\/wp-json\/wp\/v2\/categories?post=18191"},{"taxonomy":"post_tag","embeddable":true,"href":"https:\/\/thebeautyscope.in\/index.php\/wp-json\/wp\/v2\/tags?post=18191"}],"curies":[{"name":"wp","href":"https:\/\/api.w.org\/{rel}","templated":true}]}}