{"id":18470,"date":"2021-10-17T02:46:01","date_gmt":"2021-10-17T02:46:01","guid":{"rendered":"https:\/\/thebeautyscope.in\/index.php\/2021\/10\/17\/mercedes-benz-fashion-week-mexico-desfile-de-carla-fernandez\/"},"modified":"2021-10-17T02:46:01","modified_gmt":"2021-10-17T02:46:01","slug":"mercedes-benz-fashion-week-mexico-desfile-de-carla-fernandez","status":"publish","type":"post","link":"https:\/\/thebeautyscope.in\/index.php\/2021\/10\/17\/mercedes-benz-fashion-week-mexico-desfile-de-carla-fernandez\/","title":{"rendered":"Mercedes-Benz Fashion Week M\u00e9xico, Desfile de Carla Fern\u00e1ndez"},"content":{"rendered":"<p>Sigue la transmisi\u00f3n por EL UNIVERSAL del Mercedes-Benz Fashion Week M\u00e9xico 2021<\/p>\n<p>#MercedesBenzFashionWeek #MercedesBenzM\u00e9xico #Moda<br \/>\n<br \/><a href=\"https:\/\/www.youtube.com\/watch?v=I9iS8EO2s9Y\">source<\/a><\/p>\n","protected":false},"excerpt":{"rendered":"<p>Sigue la transmisi\u00f3n por EL UNIVERSAL del Mercedes-Benz Fashion Week M\u00e9xico 2021 #MercedesBenzFashionWeek #MercedesBenzM\u00e9xico #Moda source<\/p>\n","protected":false},"author":1,"featured_media":18471,"comment_status":"open","ping_status":"open","sticky":false,"template":"","format":"video","meta":{"footnotes":""},"categories":[5],"tags":[12534,3466,127,5439,529,8813,128],"class_list":["post-18470","post","type-post","status-publish","format-video","has-post-thumbnail","hentry","category-fashion","tag-carla","tag-desfile","tag-fashion","tag-fernandez","tag-mercedesbenz","tag-mexico","tag-week","post_format-post-format-video"],"_links":{"self":[{"href":"https:\/\/thebeautyscope.in\/index.php\/wp-json\/wp\/v2\/posts\/18470"}],"collection":[{"href":"https:\/\/thebeautyscope.in\/index.php\/wp-json\/wp\/v2\/posts"}],"about":[{"href":"https:\/\/thebeautyscope.in\/index.php\/wp-json\/wp\/v2\/types\/post"}],"author":[{"embeddable":true,"href":"https:\/\/thebeautyscope.in\/index.php\/wp-json\/wp\/v2\/users\/1"}],"replies":[{"embeddable":true,"href":"https:\/\/thebeautyscope.in\/index.php\/wp-json\/wp\/v2\/comments?post=18470"}],"version-history":[{"count":0,"href":"https:\/\/thebeautyscope.in\/index.php\/wp-json\/wp\/v2\/posts\/18470\/revisions"}],"wp:featuredmedia":[{"embeddable":true,"href":"https:\/\/thebeautyscope.in\/index.php\/wp-json\/wp\/v2\/media\/18471"}],"wp:attachment":[{"href":"https:\/\/thebeautyscope.in\/index.php\/wp-json\/wp\/v2\/media?parent=18470"}],"wp:term":[{"taxonomy":"category","embeddable":true,"href":"https:\/\/thebeautyscope.in\/index.php\/wp-json\/wp\/v2\/categories?post=18470"},{"taxonomy":"post_tag","embeddable":true,"href":"https:\/\/thebeautyscope.in\/index.php\/wp-json\/wp\/v2\/tags?post=18470"}],"curies":[{"name":"wp","href":"https:\/\/api.w.org\/{rel}","templated":true}]}}