{"id":20234,"date":"2021-11-25T11:48:03","date_gmt":"2021-11-25T11:48:03","guid":{"rendered":"https:\/\/thebeautyscope.in\/index.php\/2021\/11\/25\/milan-fashion-week-septiembre-21-alexandra-pereira\/"},"modified":"2021-11-25T11:48:03","modified_gmt":"2021-11-25T11:48:03","slug":"milan-fashion-week-septiembre-21-alexandra-pereira","status":"publish","type":"post","link":"https:\/\/thebeautyscope.in\/index.php\/2021\/11\/25\/milan-fashion-week-septiembre-21-alexandra-pereira\/","title":{"rendered":"MILAN FASHION WEEK SEPTIEMBRE 21 | ALEXANDRA PEREIRA"},"content":{"rendered":"<p>Bienvenidos a la semana de la moda de Mil\u00e1n!<br \/>\nEn este v\u00eddeo ver\u00e9is algunos de los desfiles m\u00e1s importantes dentro del mundo de la moda y tambi\u00e9n mis agobios, momentos c\u00f3micos y mi vida dentro de unos de los d\u00edas m\u00e1s intensos del a\u00f1o para nosotros!<\/p>\n<p>Espero que disfrut\u00e9is de este vlog \u2764\ufe0f<\/p>\n<p>&#8212;&#8212;&#8212;&#8212;&#8212;&#8212;&#8212;&#8212;&#8212;&#8212;&#8212;&#8212;&#8212;&#8212;&#8212;&#8212;&#8212;&#8212;&#8212;-<\/p>\n<p>You can follow me in my other social network:<br \/>\nPod\u00e9is seguirme en mis otras redes sociales:<\/p>\n<p>INSTAGRAM<br \/>\nTIKTOK<br \/>\n<br \/><a href=\"https:\/\/www.youtube.com\/watch?v=2Fi_Z-3Nokg\">source<\/a><\/p>\n","protected":false},"excerpt":{"rendered":"<p>Bienvenidos a la semana de la moda de Mil\u00e1n! En este v\u00eddeo ver\u00e9is algunos de los desfiles m\u00e1s importantes dentro del mundo de la moda y tambi\u00e9n mis agobios, momentos c\u00f3micos y mi vida dentro de unos de los d\u00edas m\u00e1s intensos del a\u00f1o para nosotros! Espero que disfrut\u00e9is de este vlog \u2764\ufe0f &#8212;&#8212;&#8212;&#8212;&#8212;&#8212;&#8212;&#8212;&#8212;&#8212;&#8212;&#8212;&#8212;&#8212;&#8212;&#8212;&#8212;&#8212;&#8212;- You [&hellip;]<\/p>\n","protected":false},"author":1,"featured_media":20235,"comment_status":"open","ping_status":"open","sticky":false,"template":"","format":"video","meta":{"footnotes":""},"categories":[5],"tags":[14568,127,341,14569,14567,128],"class_list":["post-20234","post","type-post","status-publish","format-video","has-post-thumbnail","hentry","category-fashion","tag-alexandra","tag-fashion","tag-milan","tag-pereira","tag-septiembre","tag-week","post_format-post-format-video"],"_links":{"self":[{"href":"https:\/\/thebeautyscope.in\/index.php\/wp-json\/wp\/v2\/posts\/20234"}],"collection":[{"href":"https:\/\/thebeautyscope.in\/index.php\/wp-json\/wp\/v2\/posts"}],"about":[{"href":"https:\/\/thebeautyscope.in\/index.php\/wp-json\/wp\/v2\/types\/post"}],"author":[{"embeddable":true,"href":"https:\/\/thebeautyscope.in\/index.php\/wp-json\/wp\/v2\/users\/1"}],"replies":[{"embeddable":true,"href":"https:\/\/thebeautyscope.in\/index.php\/wp-json\/wp\/v2\/comments?post=20234"}],"version-history":[{"count":0,"href":"https:\/\/thebeautyscope.in\/index.php\/wp-json\/wp\/v2\/posts\/20234\/revisions"}],"wp:featuredmedia":[{"embeddable":true,"href":"https:\/\/thebeautyscope.in\/index.php\/wp-json\/wp\/v2\/media\/20235"}],"wp:attachment":[{"href":"https:\/\/thebeautyscope.in\/index.php\/wp-json\/wp\/v2\/media?parent=20234"}],"wp:term":[{"taxonomy":"category","embeddable":true,"href":"https:\/\/thebeautyscope.in\/index.php\/wp-json\/wp\/v2\/categories?post=20234"},{"taxonomy":"post_tag","embeddable":true,"href":"https:\/\/thebeautyscope.in\/index.php\/wp-json\/wp\/v2\/tags?post=20234"}],"curies":[{"name":"wp","href":"https:\/\/api.w.org\/{rel}","templated":true}]}}