{"id":21176,"date":"2021-12-16T08:50:24","date_gmt":"2021-12-16T08:50:24","guid":{"rendered":"https:\/\/thebeautyscope.in\/index.php\/2021\/12\/16\/vlog-arrume-se-comigo-para-o-sao-paulo-fashion-week-2021-foi-lindo\/"},"modified":"2021-12-16T08:50:24","modified_gmt":"2021-12-16T08:50:24","slug":"vlog-arrume-se-comigo-para-o-sao-paulo-fashion-week-2021-foi-lindo","status":"publish","type":"post","link":"https:\/\/thebeautyscope.in\/index.php\/2021\/12\/16\/vlog-arrume-se-comigo-para-o-sao-paulo-fashion-week-2021-foi-lindo\/","title":{"rendered":"VLOG &#8211; ARRUME-SE COMIGO PARA O S\u00c3O PAULO FASHION WEEK 2021! Foi lindo!"},"content":{"rendered":"<p>Ol\u00e1 pessoal!!! No v\u00eddeo de hoje eu vou mostrar tudo pra voc\u00eas o que rolou do S\u00e3o Paulo Fashion Week que eu participei! E claro, fazendo um passo a passo de como foi se arrumar at\u00e9 chegar l\u00e1!<br \/>\nGostou do v\u00eddeo? Deixe seu LIKE e INSCREVA-SE no canal!<\/p>\n<p>MINHAS REDES SOCIAIS:<br \/>\nINSTAGRAM: @gigibraggion |<br \/>\n\u200bTIKTOK: @gigibraggion |<br \/>\n<br \/><a href=\"https:\/\/www.youtube.com\/watch?v=FK_Suh7enTw\">source<\/a><\/p>\n","protected":false},"excerpt":{"rendered":"<p>Ol\u00e1 pessoal!!! No v\u00eddeo de hoje eu vou mostrar tudo pra voc\u00eas o que rolou do S\u00e3o Paulo Fashion Week que eu participei! E claro, fazendo um passo a passo de como foi se arrumar at\u00e9 chegar l\u00e1! Gostou do v\u00eddeo? Deixe seu LIKE e INSCREVA-SE no canal! MINHAS REDES SOCIAIS: INSTAGRAM: @gigibraggion | \u200bTIKTOK: [&hellip;]<\/p>\n","protected":false},"author":1,"featured_media":21177,"comment_status":"open","ping_status":"open","sticky":false,"template":"","format":"video","meta":{"footnotes":""},"categories":[5],"tags":[15048,15049,127,15050,15051,2156,10156,7112,307,128],"class_list":["post-21176","post","type-post","status-publish","format-video","has-post-thumbnail","hentry","category-fashion","tag-arrumese","tag-comigo","tag-fashion","tag-foi","tag-lindo","tag-para","tag-paulo","tag-sao","tag-vlog","tag-week","post_format-post-format-video"],"_links":{"self":[{"href":"https:\/\/thebeautyscope.in\/index.php\/wp-json\/wp\/v2\/posts\/21176"}],"collection":[{"href":"https:\/\/thebeautyscope.in\/index.php\/wp-json\/wp\/v2\/posts"}],"about":[{"href":"https:\/\/thebeautyscope.in\/index.php\/wp-json\/wp\/v2\/types\/post"}],"author":[{"embeddable":true,"href":"https:\/\/thebeautyscope.in\/index.php\/wp-json\/wp\/v2\/users\/1"}],"replies":[{"embeddable":true,"href":"https:\/\/thebeautyscope.in\/index.php\/wp-json\/wp\/v2\/comments?post=21176"}],"version-history":[{"count":0,"href":"https:\/\/thebeautyscope.in\/index.php\/wp-json\/wp\/v2\/posts\/21176\/revisions"}],"wp:featuredmedia":[{"embeddable":true,"href":"https:\/\/thebeautyscope.in\/index.php\/wp-json\/wp\/v2\/media\/21177"}],"wp:attachment":[{"href":"https:\/\/thebeautyscope.in\/index.php\/wp-json\/wp\/v2\/media?parent=21176"}],"wp:term":[{"taxonomy":"category","embeddable":true,"href":"https:\/\/thebeautyscope.in\/index.php\/wp-json\/wp\/v2\/categories?post=21176"},{"taxonomy":"post_tag","embeddable":true,"href":"https:\/\/thebeautyscope.in\/index.php\/wp-json\/wp\/v2\/tags?post=21176"}],"curies":[{"name":"wp","href":"https:\/\/api.w.org\/{rel}","templated":true}]}}