{"id":22027,"date":"2022-01-03T20:25:40","date_gmt":"2022-01-03T20:25:40","guid":{"rendered":"https:\/\/thebeautyscope.in\/index.php\/2022\/01\/03\/o-impostor-desfilou-no-fashion-week-daniel-zukerman-cortes-podcast\/"},"modified":"2022-01-03T20:25:40","modified_gmt":"2022-01-03T20:25:40","slug":"o-impostor-desfilou-no-fashion-week-daniel-zukerman-cortes-podcast","status":"publish","type":"post","link":"https:\/\/thebeautyscope.in\/index.php\/2022\/01\/03\/o-impostor-desfilou-no-fashion-week-daniel-zukerman-cortes-podcast\/","title":{"rendered":"O IMPOSTOR DESFILOU NO FASHION WEEK | Daniel Zukerman &#8211; Cortes Podcast"},"content":{"rendered":"<p>Curso Viver de Youtube: <\/p>\n<p>Epis\u00f3dio Completo: <\/p>\n<p>instagram: <\/p>\n<p>Discord: <\/p>\n<p>Contato: joaosikeiracontato@gmail.com<\/p>\n<p>Se voc\u00ea \u00e9 dono de algum conte\u00fado que est\u00e1 sendo exibido no v\u00eddeo e deseja a retirada do mesmo, basta entrar em contato via e-mail que retiro na mesma hora!<\/p>\n<p>O IMPOSTOR DESFILOU NO FASHION WIKI | Daniel Zukerman &#8211; Cortes Podcast<\/p>\n<p>#podpah #cortespodpah #flowpodcast<br \/>\n<br \/><a href=\"https:\/\/www.youtube.com\/watch?v=YBtAY_iFaPY\">source<\/a><\/p>\n","protected":false},"excerpt":{"rendered":"<p>Curso Viver de Youtube: Epis\u00f3dio Completo: instagram: Discord: Contato: joaosikeiracontato@gmail.com Se voc\u00ea \u00e9 dono de algum conte\u00fado que est\u00e1 sendo exibido no v\u00eddeo e deseja a retirada do mesmo, basta entrar em contato via e-mail que retiro na mesma hora! O IMPOSTOR DESFILOU NO FASHION WIKI | Daniel Zukerman &#8211; Cortes Podcast #podpah #cortespodpah #flowpodcast [&hellip;]<\/p>\n","protected":false},"author":1,"featured_media":22028,"comment_status":"open","ping_status":"open","sticky":false,"template":"","format":"video","meta":{"footnotes":""},"categories":[5],"tags":[15481,1166,15479,127,15478,2302,128,15480],"class_list":["post-22027","post","type-post","status-publish","format-video","has-post-thumbnail","hentry","category-fashion","tag-cortes","tag-daniel","tag-desfilou","tag-fashion","tag-impostor","tag-podcast","tag-week","tag-zukerman","post_format-post-format-video"],"_links":{"self":[{"href":"https:\/\/thebeautyscope.in\/index.php\/wp-json\/wp\/v2\/posts\/22027"}],"collection":[{"href":"https:\/\/thebeautyscope.in\/index.php\/wp-json\/wp\/v2\/posts"}],"about":[{"href":"https:\/\/thebeautyscope.in\/index.php\/wp-json\/wp\/v2\/types\/post"}],"author":[{"embeddable":true,"href":"https:\/\/thebeautyscope.in\/index.php\/wp-json\/wp\/v2\/users\/1"}],"replies":[{"embeddable":true,"href":"https:\/\/thebeautyscope.in\/index.php\/wp-json\/wp\/v2\/comments?post=22027"}],"version-history":[{"count":0,"href":"https:\/\/thebeautyscope.in\/index.php\/wp-json\/wp\/v2\/posts\/22027\/revisions"}],"wp:featuredmedia":[{"embeddable":true,"href":"https:\/\/thebeautyscope.in\/index.php\/wp-json\/wp\/v2\/media\/22028"}],"wp:attachment":[{"href":"https:\/\/thebeautyscope.in\/index.php\/wp-json\/wp\/v2\/media?parent=22027"}],"wp:term":[{"taxonomy":"category","embeddable":true,"href":"https:\/\/thebeautyscope.in\/index.php\/wp-json\/wp\/v2\/categories?post=22027"},{"taxonomy":"post_tag","embeddable":true,"href":"https:\/\/thebeautyscope.in\/index.php\/wp-json\/wp\/v2\/tags?post=22027"}],"curies":[{"name":"wp","href":"https:\/\/api.w.org\/{rel}","templated":true}]}}