{"id":25243,"date":"2022-03-13T12:35:29","date_gmt":"2022-03-13T12:35:29","guid":{"rendered":"https:\/\/thebeautyscope.in\/index.php\/2022\/03\/13\/iconic-drag-fashion-week-episodio-4-queer-y-drag-king-gerard-cortez-coach-de-los-disenadores\/"},"modified":"2022-03-13T12:35:29","modified_gmt":"2022-03-13T12:35:29","slug":"iconic-drag-fashion-week-episodio-4-queer-y-drag-king-gerard-cortez-coach-de-los-disenadores","status":"publish","type":"post","link":"https:\/\/thebeautyscope.in\/index.php\/2022\/03\/13\/iconic-drag-fashion-week-episodio-4-queer-y-drag-king-gerard-cortez-coach-de-los-disenadores\/","title":{"rendered":"Iconic Drag Fashion Week Episodio 4 &#8211; Queer y Drag King &#8211; Gerard Cortez Coach de los Dise\u00f1adores"},"content":{"rendered":"<p>En este cap\u00edtulo conducido por nuestra magn\u00edfica Coco M\u00e1xima, veremos los dise\u00f1os creados por nuestros talentosos dise\u00f1adores en el reto Queer y Drag King. Los cuales ser\u00e1n criticados por el analista de moda Gerard Cortez. \u00bfQui\u00e9nes sobrevivir\u00e1n este reto? <\/p>\n<p>\u00c9chale un ojo a todo lo que Pl\u00e1tano Mel\u00f3n tiene para t\u00ed \ud83d\udc40:<\/p>\n<p>Escucha el tema  oficial de Iconic Drag Fashion Week &#8220;Sed\u00faceme&#8221; por Axel S\u00e1nchez y \u00a1suscr\u00edbete a su canal!<\/p>\n<p>S\u00edguenos en<br \/>\nInstagram:<br \/>\nTwitter: <\/p>\n<p>\u00a1Haz click en \u201cSuscribirte\u201d para recibir notificaciones de los nuevos videos de Iconic Drag Fashion Week en YouTube!<br \/>\n<br \/><a href=\"https:\/\/www.youtube.com\/watch?v=fS6OUNaykEM\">source<\/a><\/p>\n","protected":false},"excerpt":{"rendered":"<p>En este cap\u00edtulo conducido por nuestra magn\u00edfica Coco M\u00e1xima, veremos los dise\u00f1os creados por nuestros talentosos dise\u00f1adores en el reto Queer y Drag King. Los cuales ser\u00e1n criticados por el analista de moda Gerard Cortez. \u00bfQui\u00e9nes sobrevivir\u00e1n este reto? \u00c9chale un ojo a todo lo que Pl\u00e1tano Mel\u00f3n tiene para t\u00ed \ud83d\udc40: Escucha el tema [&hellip;]<\/p>\n","protected":false},"author":1,"featured_media":25244,"comment_status":"open","ping_status":"open","sticky":false,"template":"","format":"video","meta":{"footnotes":""},"categories":[5],"tags":[14288,17047,17048,4727,16110,127,11463,3586,3818,951,17046,128],"class_list":["post-25243","post","type-post","status-publish","format-video","has-post-thumbnail","hentry","category-fashion","tag-coach","tag-cortez","tag-disenadores","tag-drag","tag-episodio","tag-fashion","tag-gerard","tag-iconic","tag-king","tag-los","tag-queer","tag-week","post_format-post-format-video"],"_links":{"self":[{"href":"https:\/\/thebeautyscope.in\/index.php\/wp-json\/wp\/v2\/posts\/25243"}],"collection":[{"href":"https:\/\/thebeautyscope.in\/index.php\/wp-json\/wp\/v2\/posts"}],"about":[{"href":"https:\/\/thebeautyscope.in\/index.php\/wp-json\/wp\/v2\/types\/post"}],"author":[{"embeddable":true,"href":"https:\/\/thebeautyscope.in\/index.php\/wp-json\/wp\/v2\/users\/1"}],"replies":[{"embeddable":true,"href":"https:\/\/thebeautyscope.in\/index.php\/wp-json\/wp\/v2\/comments?post=25243"}],"version-history":[{"count":0,"href":"https:\/\/thebeautyscope.in\/index.php\/wp-json\/wp\/v2\/posts\/25243\/revisions"}],"wp:featuredmedia":[{"embeddable":true,"href":"https:\/\/thebeautyscope.in\/index.php\/wp-json\/wp\/v2\/media\/25244"}],"wp:attachment":[{"href":"https:\/\/thebeautyscope.in\/index.php\/wp-json\/wp\/v2\/media?parent=25243"}],"wp:term":[{"taxonomy":"category","embeddable":true,"href":"https:\/\/thebeautyscope.in\/index.php\/wp-json\/wp\/v2\/categories?post=25243"},{"taxonomy":"post_tag","embeddable":true,"href":"https:\/\/thebeautyscope.in\/index.php\/wp-json\/wp\/v2\/tags?post=25243"}],"curies":[{"name":"wp","href":"https:\/\/api.w.org\/{rel}","templated":true}]}}