{"id":25791,"date":"2022-03-25T08:29:46","date_gmt":"2022-03-25T08:29:46","guid":{"rendered":"https:\/\/thebeautyscope.in\/index.php\/2022\/03\/25\/fashion-week-bienvenue-dans-lere-de-la-dissonance-cognitive-france-24\/"},"modified":"2022-03-25T08:29:46","modified_gmt":"2022-03-25T08:29:46","slug":"fashion-week-bienvenue-dans-lere-de-la-dissonance-cognitive-france-24","status":"publish","type":"post","link":"https:\/\/thebeautyscope.in\/index.php\/2022\/03\/25\/fashion-week-bienvenue-dans-lere-de-la-dissonance-cognitive-france-24\/","title":{"rendered":"Fashion week : bienvenue dans l\u2019\u00e8re de la dissonance cognitive \u2022 FRANCE 24"},"content":{"rendered":"<p>\u00c0 l\u2019heure o\u00f9 la guerre s\u2019abat brutalement en Europe, la grande famille de la mode a d\u00e9cid\u00e9 de ne pas annuler sa fashion week. Des int\u00e9r\u00eats \u00e9conomiques trop importants, une influence culturelle qui ne peut \u00eatre mise en p\u00e9ril, une cr\u00e9ativit\u00e9 qui doit continuer \u00e0 s\u2019exprimer. Dior s\u2019enrichit d\u2019exp\u00e9rimentations technologiques, le duo carib\u00e9en Botter d\u00e9fend la sauvegarde des oc\u00e9ans, l\u2019IFM, qui a ouvert cette saison de d\u00e9fil\u00e9s avec un film \u00e9poustouflant, forme ses \u00e9tudiants \u00e0 la r\u00e9alit\u00e9 virtuelle.<\/p>\n<p>#Fashionweek #Mode #R\u00e9alit\u00e9virtuelle<br \/>\nEn savoir plus avec notre article : <\/p>\n<p>\ud83d\udd14 Abonnez-vous \u00e0 notre cha\u00eene sur YouTube :<br \/>\n\ud83d\udd34 En DIRECT &#8211; Suivez FRANCE 24 ici : <\/p>\n<p>\ud83c\udf0d Retrouvez toute l\u2019actualit\u00e9 internationale sur notre site : <\/p>\n<p>Rejoignez-nous sur Facebook :<br \/>\nSuivez-nous sur Twitter :<br \/>\nD\u00e9couvrez l\u2019actu en images sur Instagram:<br \/>\n<br \/><a href=\"https:\/\/www.youtube.com\/watch?v=PyY6POcWLJo\">source<\/a><\/p>\n","protected":false},"excerpt":{"rendered":"<p>\u00c0 l\u2019heure o\u00f9 la guerre s\u2019abat brutalement en Europe, la grande famille de la mode a d\u00e9cid\u00e9 de ne pas annuler sa fashion week. Des int\u00e9r\u00eats \u00e9conomiques trop importants, une influence culturelle qui ne peut \u00eatre mise en p\u00e9ril, une cr\u00e9ativit\u00e9 qui doit continuer \u00e0 s\u2019exprimer. Dior s\u2019enrichit d\u2019exp\u00e9rimentations technologiques, le duo carib\u00e9en Botter d\u00e9fend [&hellip;]<\/p>\n","protected":false},"author":1,"featured_media":25792,"comment_status":"open","ping_status":"open","sticky":false,"template":"","format":"video","meta":{"footnotes":""},"categories":[5],"tags":[17372,17375,3906,17374,127,638,17373,128],"class_list":["post-25791","post","type-post","status-publish","format-video","has-post-thumbnail","hentry","category-fashion","tag-bienvenue","tag-cognitive","tag-dans","tag-dissonance","tag-fashion","tag-france","tag-lere","tag-week","post_format-post-format-video"],"_links":{"self":[{"href":"https:\/\/thebeautyscope.in\/index.php\/wp-json\/wp\/v2\/posts\/25791"}],"collection":[{"href":"https:\/\/thebeautyscope.in\/index.php\/wp-json\/wp\/v2\/posts"}],"about":[{"href":"https:\/\/thebeautyscope.in\/index.php\/wp-json\/wp\/v2\/types\/post"}],"author":[{"embeddable":true,"href":"https:\/\/thebeautyscope.in\/index.php\/wp-json\/wp\/v2\/users\/1"}],"replies":[{"embeddable":true,"href":"https:\/\/thebeautyscope.in\/index.php\/wp-json\/wp\/v2\/comments?post=25791"}],"version-history":[{"count":0,"href":"https:\/\/thebeautyscope.in\/index.php\/wp-json\/wp\/v2\/posts\/25791\/revisions"}],"wp:featuredmedia":[{"embeddable":true,"href":"https:\/\/thebeautyscope.in\/index.php\/wp-json\/wp\/v2\/media\/25792"}],"wp:attachment":[{"href":"https:\/\/thebeautyscope.in\/index.php\/wp-json\/wp\/v2\/media?parent=25791"}],"wp:term":[{"taxonomy":"category","embeddable":true,"href":"https:\/\/thebeautyscope.in\/index.php\/wp-json\/wp\/v2\/categories?post=25791"},{"taxonomy":"post_tag","embeddable":true,"href":"https:\/\/thebeautyscope.in\/index.php\/wp-json\/wp\/v2\/tags?post=25791"}],"curies":[{"name":"wp","href":"https:\/\/api.w.org\/{rel}","templated":true}]}}