{"id":27541,"date":"2022-05-01T17:44:46","date_gmt":"2022-05-01T17:44:46","guid":{"rendered":"https:\/\/thebeautyscope.in\/index.php\/2022\/05\/01\/rosa-clara-2023-barcelona-bridal-fashion-week-bbfw-2022-fashion-show\/"},"modified":"2022-05-01T17:44:46","modified_gmt":"2022-05-01T17:44:46","slug":"rosa-clara-2023-barcelona-bridal-fashion-week-bbfw-2022-fashion-show","status":"publish","type":"post","link":"https:\/\/thebeautyscope.in\/index.php\/2022\/05\/01\/rosa-clara-2023-barcelona-bridal-fashion-week-bbfw-2022-fashion-show\/","title":{"rendered":"ROSA CLAR\u00c1 2023 | Barcelona Bridal Fashion Week | BBFW 2022 Fashion Show"},"content":{"rendered":"<p>Rosa Clar\u00e1 presenta su nueva colecci\u00f3n de vestidos de novia 2023 con un desfile en Barcelona Bridal Fashion Week 2022. <\/p>\n<p>#BarcelonaBridalFashionWeek #BBFW #BridalFashion #BridalTrends #BBFW2022<\/p>\n<p>Si eres novia, descarga nuestra APP:<br \/>\nSi eres un profesional, descarga esta APP: <\/p>\n<p>No te olvides de seguirnos para saber m\u00e1s sobre bodas:<\/p>\n<p>\ud83c\uddea\ud83c\uddf8Instagram:<br \/>\n\ud83c\uddea\ud83c\uddf8Facebook: <\/p>\n<p>\ud83c\uddf2\ud83c\uddfdInstagram:<br \/>\n\ud83c\uddf2\ud83c\uddfdFacebook: <\/p>\n<p>\ud83c\udde8\ud83c\uddf4Facebook:<br \/>\n\ud83c\udde8\ud83c\uddf4Instagram:  <\/p>\n<p>\u00a1Te esperamos! \ud83d\ude42<\/p>\n<p>*Propiedad de Fira de Barcelona*<br \/>\n<br \/><a href=\"https:\/\/www.youtube.com\/watch?v=OD3iUFctbMg\">source<\/a><\/p>\n","protected":false},"excerpt":{"rendered":"<p>Rosa Clar\u00e1 presenta su nueva colecci\u00f3n de vestidos de novia 2023 con un desfile en Barcelona Bridal Fashion Week 2022. #BarcelonaBridalFashionWeek #BBFW #BridalFashion #BridalTrends #BBFW2022 Si eres novia, descarga nuestra APP: Si eres un profesional, descarga esta APP: No te olvides de seguirnos para saber m\u00e1s sobre bodas: \ud83c\uddea\ud83c\uddf8Instagram: \ud83c\uddea\ud83c\uddf8Facebook: \ud83c\uddf2\ud83c\uddfdInstagram: \ud83c\uddf2\ud83c\uddfdFacebook: \ud83c\udde8\ud83c\uddf4Facebook: \ud83c\udde8\ud83c\uddf4Instagram: \u00a1Te [&hellip;]<\/p>\n","protected":false},"author":1,"featured_media":27542,"comment_status":"open","ping_status":"open","sticky":false,"template":"","format":"video","meta":{"footnotes":""},"categories":[5],"tags":[482,18099,137,18120,127,18119,146,128],"class_list":["post-27541","post","type-post","status-publish","format-video","has-post-thumbnail","hentry","category-fashion","tag-barcelona","tag-bbfw","tag-bridal","tag-clara","tag-fashion","tag-rosa","tag-show","tag-week","post_format-post-format-video"],"_links":{"self":[{"href":"https:\/\/thebeautyscope.in\/index.php\/wp-json\/wp\/v2\/posts\/27541"}],"collection":[{"href":"https:\/\/thebeautyscope.in\/index.php\/wp-json\/wp\/v2\/posts"}],"about":[{"href":"https:\/\/thebeautyscope.in\/index.php\/wp-json\/wp\/v2\/types\/post"}],"author":[{"embeddable":true,"href":"https:\/\/thebeautyscope.in\/index.php\/wp-json\/wp\/v2\/users\/1"}],"replies":[{"embeddable":true,"href":"https:\/\/thebeautyscope.in\/index.php\/wp-json\/wp\/v2\/comments?post=27541"}],"version-history":[{"count":0,"href":"https:\/\/thebeautyscope.in\/index.php\/wp-json\/wp\/v2\/posts\/27541\/revisions"}],"wp:featuredmedia":[{"embeddable":true,"href":"https:\/\/thebeautyscope.in\/index.php\/wp-json\/wp\/v2\/media\/27542"}],"wp:attachment":[{"href":"https:\/\/thebeautyscope.in\/index.php\/wp-json\/wp\/v2\/media?parent=27541"}],"wp:term":[{"taxonomy":"category","embeddable":true,"href":"https:\/\/thebeautyscope.in\/index.php\/wp-json\/wp\/v2\/categories?post=27541"},{"taxonomy":"post_tag","embeddable":true,"href":"https:\/\/thebeautyscope.in\/index.php\/wp-json\/wp\/v2\/tags?post=27541"}],"curies":[{"name":"wp","href":"https:\/\/api.w.org\/{rel}","templated":true}]}}