{"id":29463,"date":"2022-06-11T19:53:01","date_gmt":"2022-06-11T19:53:01","guid":{"rendered":"https:\/\/thebeautyscope.in\/index.php\/2022\/06\/11\/entree-v-i-p-pour-la-fashion-week-parisienne\/"},"modified":"2022-06-11T19:53:01","modified_gmt":"2022-06-11T19:53:01","slug":"entree-v-i-p-pour-la-fashion-week-parisienne","status":"publish","type":"post","link":"https:\/\/thebeautyscope.in\/index.php\/2022\/06\/11\/entree-v-i-p-pour-la-fashion-week-parisienne\/","title":{"rendered":"ENTR\u00c9E V.I.P POUR LA FASHION WEEK PARISIENNE"},"content":{"rendered":"<p>Pour Coco Chanel, \u2018\u2019Il n&#8217;y a pas de mode si elle ne descend pas dans la rue \u2018\u2019.  Un adage, une formule bien connue des cr\u00e9ateurs, stylistes, et grandes maisons de couture.<br \/>\nChanel, Rykiel, Kenzo, Jean-Paul Gaultier \u2026mais aussi le jeune styliste lyonnais Alexis Mabille et l\u2019Indien Manish Arora\u2026Tous dessinent des collections de pr\u00eat \u00e0 porter, c\u2019est le nerf de la guerre, un march\u00e9 de plusieurs milliards d\u2019individus alors que la haute couture ne compte que quelques centaines de clients dans le monde. <\/p>\n<p>En France par exemple, chaque ann\u00e9e, on d\u00e9pense 20 milliards d\u2019euros pour se v\u00eatir. <\/p>\n<p>La Fashion Week est donc un moment crucial pour les couturiers. Il faut s\u00e9duire la presse internationale, et les acheteurs qui viennent des quatre coins du monde. Plus la collection sera m\u00e9diatis\u00e9e, plus les stars choisiront les v\u00eatements de tel ou tel cr\u00e9ateur, plus les ventes s\u2019envoleront.<\/p>\n<p>Pendant une semaine, entre la fin du mois de septembre et le d\u00e9but  du mois d\u2019octobre,  plus d\u2019une centaine de d\u00e9fil\u00e9s a  lieu \u00e0 Paris. Tout le monde de la mode se r\u00e9uni dans la capitale.  <\/p>\n<p>Un film de Melanie Dalsace<br \/>\nPremi\u00e8re diffusion le 29\/01\/2013<br \/>\n<br \/><a href=\"https:\/\/www.youtube.com\/watch?v=j4bI0rBvRAs\">source<\/a><\/p>\n","protected":false},"excerpt":{"rendered":"<p>Pour Coco Chanel, \u2018\u2019Il n&#8217;y a pas de mode si elle ne descend pas dans la rue \u2018\u2019. Un adage, une formule bien connue des cr\u00e9ateurs, stylistes, et grandes maisons de couture. Chanel, Rykiel, Kenzo, Jean-Paul Gaultier \u2026mais aussi le jeune styliste lyonnais Alexis Mabille et l\u2019Indien Manish Arora\u2026Tous dessinent des collections de pr\u00eat \u00e0 [&hellip;]<\/p>\n","protected":false},"author":1,"featured_media":29464,"comment_status":"open","ping_status":"open","sticky":false,"template":"","format":"video","meta":{"footnotes":""},"categories":[5],"tags":[19109,127,9902,996,569,128],"class_list":["post-29463","post","type-post","status-publish","format-video","has-post-thumbnail","hentry","category-fashion","tag-entree","tag-fashion","tag-parisienne","tag-pour","tag-vip","tag-week","post_format-post-format-video"],"_links":{"self":[{"href":"https:\/\/thebeautyscope.in\/index.php\/wp-json\/wp\/v2\/posts\/29463"}],"collection":[{"href":"https:\/\/thebeautyscope.in\/index.php\/wp-json\/wp\/v2\/posts"}],"about":[{"href":"https:\/\/thebeautyscope.in\/index.php\/wp-json\/wp\/v2\/types\/post"}],"author":[{"embeddable":true,"href":"https:\/\/thebeautyscope.in\/index.php\/wp-json\/wp\/v2\/users\/1"}],"replies":[{"embeddable":true,"href":"https:\/\/thebeautyscope.in\/index.php\/wp-json\/wp\/v2\/comments?post=29463"}],"version-history":[{"count":0,"href":"https:\/\/thebeautyscope.in\/index.php\/wp-json\/wp\/v2\/posts\/29463\/revisions"}],"wp:featuredmedia":[{"embeddable":true,"href":"https:\/\/thebeautyscope.in\/index.php\/wp-json\/wp\/v2\/media\/29464"}],"wp:attachment":[{"href":"https:\/\/thebeautyscope.in\/index.php\/wp-json\/wp\/v2\/media?parent=29463"}],"wp:term":[{"taxonomy":"category","embeddable":true,"href":"https:\/\/thebeautyscope.in\/index.php\/wp-json\/wp\/v2\/categories?post=29463"},{"taxonomy":"post_tag","embeddable":true,"href":"https:\/\/thebeautyscope.in\/index.php\/wp-json\/wp\/v2\/tags?post=29463"}],"curies":[{"name":"wp","href":"https:\/\/api.w.org\/{rel}","templated":true}]}}