{"id":35121,"date":"2022-10-12T08:38:06","date_gmt":"2022-10-12T08:38:06","guid":{"rendered":"https:\/\/thebeautyscope.in\/index.php\/2022\/10\/12\/desfile-pertegaz-mercedes-benz-fashion-week-madrid-2020\/"},"modified":"2022-10-12T08:38:06","modified_gmt":"2022-10-12T08:38:06","slug":"desfile-pertegaz-mercedes-benz-fashion-week-madrid-2020","status":"publish","type":"post","link":"https:\/\/thebeautyscope.in\/index.php\/2022\/10\/12\/desfile-pertegaz-mercedes-benz-fashion-week-madrid-2020\/","title":{"rendered":"Desfile Pertegaz &#8211; Mercedes-Benz Fashion Week Madrid 2020"},"content":{"rendered":"<p>Desfile completo de Pertegaz en la Mercedes-Benz Fashion Week, la gran pasarela de la moda espa\u00f1ola donde se presentan las colecciones Oto\u00f1o\/Invierno 2020\/2021.<\/p>\n<p>Pertegaz debuta en la Madrid Fashion Week de la mano de Jorge V\u00e1zquez y lo hace con dise\u00f1os llenos de color y looks repletos de flores y estampados geom\u00e9tricos. El dise\u00f1ador gallego actualiza el legado de Pertegaz con maestr\u00eda y elegancia.<\/p>\n<p>\ud83d\udca1 Si quieres saber m\u00e1s sobre la MBFWM 2020:<br \/>\n\ud83d\udc57 Los vestidos al detalle: <\/p>\n<p>\u00bfA\u00fan no est\u00e1s suscrito a nuestro canal de Youtube? \ud83d\udc49 <\/p>\n<p>Todo lo que necesitas para organizar tu boda: <\/p>\n<p>Facebook:<br \/>\nInstagram:<br \/>\nPinterest:    <\/p>\n<p>#mbfwm2020, #mbfwmadrid<br \/>\n<br \/><a href=\"https:\/\/www.youtube.com\/watch?v=igL0pJwnE1E\">source<\/a><\/p>\n","protected":false},"excerpt":{"rendered":"<p>Desfile completo de Pertegaz en la Mercedes-Benz Fashion Week, la gran pasarela de la moda espa\u00f1ola donde se presentan las colecciones Oto\u00f1o\/Invierno 2020\/2021. Pertegaz debuta en la Madrid Fashion Week de la mano de Jorge V\u00e1zquez y lo hace con dise\u00f1os llenos de color y looks repletos de flores y estampados geom\u00e9tricos. El dise\u00f1ador gallego [&hellip;]<\/p>\n","protected":false},"author":1,"featured_media":35122,"comment_status":"open","ping_status":"open","sticky":false,"template":"","format":"video","meta":{"footnotes":""},"categories":[5],"tags":[3466,127,6992,529,21900,128],"class_list":["post-35121","post","type-post","status-publish","format-video","has-post-thumbnail","hentry","category-fashion","tag-desfile","tag-fashion","tag-madrid","tag-mercedesbenz","tag-pertegaz","tag-week","post_format-post-format-video"],"_links":{"self":[{"href":"https:\/\/thebeautyscope.in\/index.php\/wp-json\/wp\/v2\/posts\/35121"}],"collection":[{"href":"https:\/\/thebeautyscope.in\/index.php\/wp-json\/wp\/v2\/posts"}],"about":[{"href":"https:\/\/thebeautyscope.in\/index.php\/wp-json\/wp\/v2\/types\/post"}],"author":[{"embeddable":true,"href":"https:\/\/thebeautyscope.in\/index.php\/wp-json\/wp\/v2\/users\/1"}],"replies":[{"embeddable":true,"href":"https:\/\/thebeautyscope.in\/index.php\/wp-json\/wp\/v2\/comments?post=35121"}],"version-history":[{"count":0,"href":"https:\/\/thebeautyscope.in\/index.php\/wp-json\/wp\/v2\/posts\/35121\/revisions"}],"wp:featuredmedia":[{"embeddable":true,"href":"https:\/\/thebeautyscope.in\/index.php\/wp-json\/wp\/v2\/media\/35122"}],"wp:attachment":[{"href":"https:\/\/thebeautyscope.in\/index.php\/wp-json\/wp\/v2\/media?parent=35121"}],"wp:term":[{"taxonomy":"category","embeddable":true,"href":"https:\/\/thebeautyscope.in\/index.php\/wp-json\/wp\/v2\/categories?post=35121"},{"taxonomy":"post_tag","embeddable":true,"href":"https:\/\/thebeautyscope.in\/index.php\/wp-json\/wp\/v2\/tags?post=35121"}],"curies":[{"name":"wp","href":"https:\/\/api.w.org\/{rel}","templated":true}]}}