{"id":36658,"date":"2022-11-14T07:36:34","date_gmt":"2022-11-14T07:36:34","guid":{"rendered":"https:\/\/thebeautyscope.in\/index.php\/2022\/11\/14\/tina-kunakey-se-prepare-pour-le-defile-loewe-a-la-fashion-week-de-paris-vogue-france\/"},"modified":"2022-11-14T07:36:34","modified_gmt":"2022-11-14T07:36:34","slug":"tina-kunakey-se-prepare-pour-le-defile-loewe-a-la-fashion-week-de-paris-vogue-france","status":"publish","type":"post","link":"https:\/\/thebeautyscope.in\/index.php\/2022\/11\/14\/tina-kunakey-se-prepare-pour-le-defile-loewe-a-la-fashion-week-de-paris-vogue-france\/","title":{"rendered":"Tina Kunakey se pr\u00e9pare pour le d\u00e9fil\u00e9 Loewe \u00e0 la Fashion Week de Paris | Vogue France"},"content":{"rendered":"<p>\u00c0 l\u2019occasion de la Fashion Week de Paris, la mannequin fran\u00e7aise Tina Kunakey a \u00e9t\u00e9 invit\u00e9e \u00e0 assister au d\u00e9fil\u00e9 Loewe par Jonathan Anderson. Vogue en a profit\u00e9 pour la suivre tout au long de sa pr\u00e9paration : la jeune femme nous a d\u00e9voil\u00e9 toutes ses astuces beaut\u00e9, nous a parl\u00e9 de sa relation avec la mode, mais aussi de son amour pour le Br\u00e9sil, pays o\u00f9 elle s\u2019\u00e9vade en famille d\u00e8s qu\u2019elle le peut.<\/p>\n<p>Chef Op\u00e9rateur : Tim Jarrosson<br \/>\nIng\u00e9nieur Son : Maxime Graftiaux<br \/>\nJournaliste : Alexandre Marain<br \/>\nMontage : Laur\u00e8ne Vanacker<br \/>\n\u00c9talonnage : Rafael Sultan<br \/>\nMix : Manuel Lormel<br \/>\nMake-up Artist : Harold James<br \/>\nProducteurs Cr\u00e9atif :  Amaury Delcambre, Mathilde Romejko<br \/>\nCharg\u00e9 de Production : Balthazar Chuffart<br \/>\nD\u00e9veloppement Vid\u00e9o :  Louise des Ligneris<br \/>\nResponsable du Casting Vid\u00e9o : Ad\u00e8le Ligerot<br \/>\nCoordinatrice du Casting Vid\u00e9o : Sarah Tauxe<br \/>\nResponsable de la Programmation : St\u00e9phanie Amaya<br \/>\nResponsable des Op\u00e9rations Vid\u00e9os : Axelle de Benedittis<br \/>\nDirecteur de la vid\u00e9o : Thomas Leroy<br \/>\nHead of Editorial Content : Eug\u00e9nie Trochu     <\/p>\n<p>#tinakunakey #getreadywithme #voguefrance<\/p>\n<p>SUBSCRIBE<\/p>\n<p><a href=\"https:\/\/www.youtube.com\/watch?v=WXhedchSlg4\">source<\/a><\/p>\n","protected":false},"excerpt":{"rendered":"<p>\u00c0 l\u2019occasion de la Fashion Week de Paris, la mannequin fran\u00e7aise Tina Kunakey a \u00e9t\u00e9 invit\u00e9e \u00e0 assister au d\u00e9fil\u00e9 Loewe par Jonathan Anderson. Vogue en a profit\u00e9 pour la suivre tout au long de sa pr\u00e9paration : la jeune femme nous a d\u00e9voil\u00e9 toutes ses astuces beaut\u00e9, nous a parl\u00e9 de sa relation avec [&hellip;]<\/p>\n","protected":false},"author":1,"featured_media":36659,"comment_status":"open","ping_status":"open","sticky":false,"template":"","format":"video","meta":{"footnotes":""},"categories":[5],"tags":[8408,127,638,22479,13957,147,996,3075,7419,1053,128],"class_list":["post-36658","post","type-post","status-publish","format-video","has-post-thumbnail","hentry","category-fashion","tag-defile","tag-fashion","tag-france","tag-kunakey","tag-loewe","tag-paris","tag-pour","tag-prepare","tag-tina","tag-vogue","tag-week","post_format-post-format-video"],"_links":{"self":[{"href":"https:\/\/thebeautyscope.in\/index.php\/wp-json\/wp\/v2\/posts\/36658"}],"collection":[{"href":"https:\/\/thebeautyscope.in\/index.php\/wp-json\/wp\/v2\/posts"}],"about":[{"href":"https:\/\/thebeautyscope.in\/index.php\/wp-json\/wp\/v2\/types\/post"}],"author":[{"embeddable":true,"href":"https:\/\/thebeautyscope.in\/index.php\/wp-json\/wp\/v2\/users\/1"}],"replies":[{"embeddable":true,"href":"https:\/\/thebeautyscope.in\/index.php\/wp-json\/wp\/v2\/comments?post=36658"}],"version-history":[{"count":0,"href":"https:\/\/thebeautyscope.in\/index.php\/wp-json\/wp\/v2\/posts\/36658\/revisions"}],"wp:featuredmedia":[{"embeddable":true,"href":"https:\/\/thebeautyscope.in\/index.php\/wp-json\/wp\/v2\/media\/36659"}],"wp:attachment":[{"href":"https:\/\/thebeautyscope.in\/index.php\/wp-json\/wp\/v2\/media?parent=36658"}],"wp:term":[{"taxonomy":"category","embeddable":true,"href":"https:\/\/thebeautyscope.in\/index.php\/wp-json\/wp\/v2\/categories?post=36658"},{"taxonomy":"post_tag","embeddable":true,"href":"https:\/\/thebeautyscope.in\/index.php\/wp-json\/wp\/v2\/tags?post=36658"}],"curies":[{"name":"wp","href":"https:\/\/api.w.org\/{rel}","templated":true}]}}