{"id":38201,"date":"2022-12-18T14:25:07","date_gmt":"2022-12-18T14:25:07","guid":{"rendered":"https:\/\/thebeautyscope.in\/index.php\/2022\/12\/18\/senegal-la-dakar-fashion-week-fete-ses-20-ans\/"},"modified":"2022-12-18T14:25:07","modified_gmt":"2022-12-18T14:25:07","slug":"senegal-la-dakar-fashion-week-fete-ses-20-ans","status":"publish","type":"post","link":"https:\/\/thebeautyscope.in\/index.php\/2022\/12\/18\/senegal-la-dakar-fashion-week-fete-ses-20-ans\/","title":{"rendered":"S\u00e9n\u00e9gal : la &quot;Dakar Fashion Week&quot; f\u00eate ses 20 ans"},"content":{"rendered":"<p>La Dakar Fashion Week 2022 met les talents africains au devant la sc\u00e8ne mode internationale. <\/p>\n<p>LIRE L\u2019ARTICLE : <\/p>\n<p>Abonnez-vous \u00e0 notre chaine Youtube  et recevez chaque jour le meilleur de l\u2019actualit\u00e9 panafricaine.<\/p>\n<p>Africanews est disponible en Fran\u00e7ais et en Anglais.<br \/>\nSite web : fr.africanews.com<br \/>\nFacebook :<br \/>\nTwitter : <\/p>\n<p>#AfNews<br \/>\n<br \/><a href=\"https:\/\/www.youtube.com\/watch?v=FkP5tTdKJXM\">source<\/a><\/p>\n","protected":false},"excerpt":{"rendered":"<p>La Dakar Fashion Week 2022 met les talents africains au devant la sc\u00e8ne mode internationale. LIRE L\u2019ARTICLE : Abonnez-vous \u00e0 notre chaine Youtube et recevez chaque jour le meilleur de l\u2019actualit\u00e9 panafricaine. Africanews est disponible en Fran\u00e7ais et en Anglais. Site web : fr.africanews.com Facebook : Twitter : #AfNews source<\/p>\n","protected":false},"author":1,"featured_media":38202,"comment_status":"open","ping_status":"open","sticky":false,"template":"","format":"video","meta":{"footnotes":""},"categories":[5],"tags":[23174,127,23173,23172,5632,4565,9314],"class_list":["post-38201","post","type-post","status-publish","format-video","has-post-thumbnail","hentry","category-fashion","tag-ans","tag-fashion","tag-fete","tag-quotdakar","tag-senegal","tag-ses","tag-weekquot","post_format-post-format-video"],"_links":{"self":[{"href":"https:\/\/thebeautyscope.in\/index.php\/wp-json\/wp\/v2\/posts\/38201"}],"collection":[{"href":"https:\/\/thebeautyscope.in\/index.php\/wp-json\/wp\/v2\/posts"}],"about":[{"href":"https:\/\/thebeautyscope.in\/index.php\/wp-json\/wp\/v2\/types\/post"}],"author":[{"embeddable":true,"href":"https:\/\/thebeautyscope.in\/index.php\/wp-json\/wp\/v2\/users\/1"}],"replies":[{"embeddable":true,"href":"https:\/\/thebeautyscope.in\/index.php\/wp-json\/wp\/v2\/comments?post=38201"}],"version-history":[{"count":0,"href":"https:\/\/thebeautyscope.in\/index.php\/wp-json\/wp\/v2\/posts\/38201\/revisions"}],"wp:featuredmedia":[{"embeddable":true,"href":"https:\/\/thebeautyscope.in\/index.php\/wp-json\/wp\/v2\/media\/38202"}],"wp:attachment":[{"href":"https:\/\/thebeautyscope.in\/index.php\/wp-json\/wp\/v2\/media?parent=38201"}],"wp:term":[{"taxonomy":"category","embeddable":true,"href":"https:\/\/thebeautyscope.in\/index.php\/wp-json\/wp\/v2\/categories?post=38201"},{"taxonomy":"post_tag","embeddable":true,"href":"https:\/\/thebeautyscope.in\/index.php\/wp-json\/wp\/v2\/tags?post=38201"}],"curies":[{"name":"wp","href":"https:\/\/api.w.org\/{rel}","templated":true}]}}