{"id":38217,"date":"2022-12-18T22:42:37","date_gmt":"2022-12-18T22:42:37","guid":{"rendered":"https:\/\/thebeautyscope.in\/index.php\/2022\/12\/18\/vero-diaz-x-mercedes-benz-mercedes-benz-fashion-week-merida\/"},"modified":"2022-12-18T22:42:37","modified_gmt":"2022-12-18T22:42:37","slug":"vero-diaz-x-mercedes-benz-mercedes-benz-fashion-week-merida","status":"publish","type":"post","link":"https:\/\/thebeautyscope.in\/index.php\/2022\/12\/18\/vero-diaz-x-mercedes-benz-mercedes-benz-fashion-week-merida\/","title":{"rendered":"Vero Diaz x Mercedes-Benz | Mercedes-Benz Fashion Week M\u00e9rida"},"content":{"rendered":"<p>Vero Diaz de la mano de Mercedes-Benz Cerr\u00f3 con broche de oro nuestro recorrido por M\u00e9rida con su colecci\u00f3n &#8220;La Postal&#8221;. <\/p>\n<p>M\u00e1s detalles en:<br \/>\nwww.fashionweek.mx<\/p>\n<p>S\u00edguenos en:<br \/>\nPinterest:<br \/>\nInstagram:<br \/>\nFacebook:  <\/p>\n<p>#MBFWM\u00e9rida #MBFWMx<br \/>\n<br \/><a href=\"https:\/\/www.youtube.com\/watch?v=TxZjNi66j7g\">source<\/a><\/p>\n","protected":false},"excerpt":{"rendered":"<p>Vero Diaz de la mano de Mercedes-Benz Cerr\u00f3 con broche de oro nuestro recorrido por M\u00e9rida con su colecci\u00f3n &#8220;La Postal&#8221;. M\u00e1s detalles en: www.fashionweek.mx S\u00edguenos en: Pinterest: Instagram: Facebook: #MBFWM\u00e9rida #MBFWMx source<\/p>\n","protected":false},"author":1,"featured_media":38218,"comment_status":"open","ping_status":"open","sticky":false,"template":"","format":"video","meta":{"footnotes":""},"categories":[5],"tags":[23183,127,529,23184,4167,128],"class_list":["post-38217","post","type-post","status-publish","format-video","has-post-thumbnail","hentry","category-fashion","tag-diaz","tag-fashion","tag-mercedesbenz","tag-merida","tag-vero","tag-week","post_format-post-format-video"],"_links":{"self":[{"href":"https:\/\/thebeautyscope.in\/index.php\/wp-json\/wp\/v2\/posts\/38217"}],"collection":[{"href":"https:\/\/thebeautyscope.in\/index.php\/wp-json\/wp\/v2\/posts"}],"about":[{"href":"https:\/\/thebeautyscope.in\/index.php\/wp-json\/wp\/v2\/types\/post"}],"author":[{"embeddable":true,"href":"https:\/\/thebeautyscope.in\/index.php\/wp-json\/wp\/v2\/users\/1"}],"replies":[{"embeddable":true,"href":"https:\/\/thebeautyscope.in\/index.php\/wp-json\/wp\/v2\/comments?post=38217"}],"version-history":[{"count":0,"href":"https:\/\/thebeautyscope.in\/index.php\/wp-json\/wp\/v2\/posts\/38217\/revisions"}],"wp:featuredmedia":[{"embeddable":true,"href":"https:\/\/thebeautyscope.in\/index.php\/wp-json\/wp\/v2\/media\/38218"}],"wp:attachment":[{"href":"https:\/\/thebeautyscope.in\/index.php\/wp-json\/wp\/v2\/media?parent=38217"}],"wp:term":[{"taxonomy":"category","embeddable":true,"href":"https:\/\/thebeautyscope.in\/index.php\/wp-json\/wp\/v2\/categories?post=38217"},{"taxonomy":"post_tag","embeddable":true,"href":"https:\/\/thebeautyscope.in\/index.php\/wp-json\/wp\/v2\/tags?post=38217"}],"curies":[{"name":"wp","href":"https:\/\/api.w.org\/{rel}","templated":true}]}}