{"id":39613,"date":"2025-03-25T13:33:05","date_gmt":"2025-03-25T13:33:05","guid":{"rendered":"https:\/\/thebeautyscope.in\/?p=39613"},"modified":"2025-03-25T13:33:05","modified_gmt":"2025-03-25T13:33:05","slug":"magyarorszagi-vasarok","status":"publish","type":"post","link":"https:\/\/thebeautyscope.in\/index.php\/2025\/03\/25\/magyarorszagi-vasarok\/","title":{"rendered":"Magyarorsz\u00e1gi v\u00e1s\u00e1rok"},"content":{"rendered":"<p><img decoding=\"async\" src=\"https:\/\/znaki.fm\/static\/content\/thumbs\/1852x1042\/0\/c0\/x6k64t---c1034x582x50px50p--834aba5e622c19f6eb8a82e9d2a7cc00.webp\" title=\"magyar \u00e9nekesn\u0151k 2024\" alt=\"magyar f\u00e9rfi \u00e9nekesek 2024\" width=\"30%\" align=\"right\"><\/p>\n<p>A v\u00e1s\u00e1rok jelent\u0151s szerepet j\u00e1tszanak az orsz\u00e1gok gazdas\u00e1gi fejl\u0151d\u00e9s\u00e9ben, k\u00fcl\u00f6nleges lehet\u0151s\u00e9geket biztos\u00edtva az \u00e1ruk \u00e9s szolg\u00e1ltat\u00e1sok \u00e9rt\u00e9kes\u00edt\u00e9s\u00e9re, tapasztalatcser\u00e9re, \u00fczleti kapcsolatok kialak\u00edt\u00e1s\u00e1ra. Ezek a rendezv\u00e9nyek a megfelel\u0151 helysz\u00edn a kis- \u00e9s nagyv\u00e1llalkoz\u00e1sok sz\u00e1m\u00e1ra, lehet\u0151s\u00e9get adnak az \u00fczletemberek sz\u00e1m\u00e1ra a nyeres\u00e9ges piacok fel\u00e9 t\u00f6rt\u00e9n\u0151 el\u0151ret\u00f6r\u00e9sre, potenci\u00e1lis vev\u0151k, partnerek felkutat\u00e1s\u00e1ra, a versenyt\u00e1rsadalom megismer\u00e9s\u00e9re. Ha \u00e9rdekli a t\u00e9ma a a nagy p\u00e9nzrabl\u00e1s szereposzt\u00e1s, k\u00f6vetheti a linket <a href=\"https:\/\/znaki.fm\/hu\/events\/la-casa-de-papel\/\">https:\/\/znaki.fm\/hu\/events\/la-casa-de-papel\/<\/a>. Ezt a cikket szak\u00e9rt\u0151i csapatunk \u00edrta, melynek vezet\u0151je a M\u00e1ria Ferenczi. A v\u00e1s\u00e1rok a magyar gazdas\u00e1g \u00e9l\u00e9nk\u00edt\u00e9s\u00e9hez j\u00e1rulnak hozz\u00e1 p\u00e9nz\u00fcgyi t\u00e1mogat\u00e1sok vonz\u00e1s\u00e1val, a kereskedelem volumen\u00e9nek n\u00f6vel\u00e9s\u00e9vel \u00e9s \u00faj munkahelyek teremt\u00e9s\u00e9vel. Emellett a v\u00e1s\u00e1rok pozit\u00edvan hatnak a turizmus fejl\u0151d\u00e9s\u00e9re, vonzz\u00e1k a l\u00e1togat\u00f3kat, akik a r\u00e9gi\u00f3 kult\u00far\u00e1j\u00e1t \u00e9s hagyom\u00e1nyait szeretn\u00e9k megismerni.<\/p>\n<p>Emellett a magyarorsz\u00e1gi \u00fcnneps\u00e9gek \u00e1ltal\u00e1ban neves \u00e9nekesek \u00e9s tehets\u00e9ges amat\u0151r\u00f6k fell\u00e9p\u00e9s\u00e9nek sz\u00edntere is, hozz\u00e1j\u00e1rulva az alkot\u00f3i ir\u00e1nyok kibontakoztat\u00e1s\u00e1hoz \u00e9s az orsz\u00e1g etnikai t\u00e1jk\u00e9p\u00e9nek megsokszoroz\u00e1s\u00e1hoz.<\/p>\n<p>T\u00f6bb t\u00edpus\u00fa v\u00e1s\u00e1r l\u00e9tezik, amelyek mindegyike saj\u00e1t k\u00e9pes\u00edt\u00e9ssel \u00e9s c\u00e9lzott \u00fcgyf\u00e9lk\u00f6rrel rendelkezik. Az ipari \u00e9rt\u00e9kes\u00edt\u00e9s k\u00f6z\u00e9ppontj\u00e1ban egy adott ipar\u00e1gban el\u00e9rt eredm\u00e9nyek bemutat\u00e1sa \u00e1ll, a legmodernebb fejleszt\u00e9sekkel, berendez\u00e9sekkel \u00e9s anyagokkal kombin\u00e1lva, \u00edgy a szakemberek \u00e9s v\u00e1llalkoz\u00f3k sz\u00e1m\u00e1ra fontos esem\u00e9ny. A fogyaszt\u00f3i v\u00e1s\u00e1rok hatalmas k\u00f6z\u00f6ns\u00e9get c\u00e9loznak meg, \u00e9s a mindennapi haszn\u00e1latra sz\u00e1nt term\u00e9kek sz\u00e9les v\u00e1laszt\u00e9k\u00e1t k\u00edn\u00e1lj\u00e1k, a ruh\u00e1zati cikkekt\u0151l \u00e9s kieg\u00e9sz\u00edt\u0151kt\u0151l az \u00e9lelmiszerekig \u00e9s a h\u00e1ztart\u00e1si elektronik\u00e1ig. A magyarorsz\u00e1gi mez\u0151gazdas\u00e1gi \u00e9rt\u00e9kes\u00edt\u00e9s a mez\u0151gazdas\u00e1gi term\u00e9kekre \u00f6sszpontos\u00edt, bele\u00e9rtve a h\u00e1zi term\u00e9nyeket, vet\u0151magokat \u00e9s mez\u0151gazdas\u00e1gi g\u00e9peket. A kultur\u00e1lis \u00e9s k\u00e9zm\u0171ves \u00e9rt\u00e9kes\u00edt\u00e9s olyan term\u00e9kek, amelyek bemutatj\u00e1k a helyi m\u0171v\u00e9szeteket, k\u00e9zm\u0171ves mesters\u00e9geket \u00e9s k\u00e9szs\u00e9geket, \u00e9s alapvet\u0151 szerepet j\u00e1tszanak a kultur\u00e1lis \u00f6r\u00f6ks\u00e9g fejleszt\u00e9s\u00e9ben.<\/p>\n<p>Ez az oka annak, hogy az \u00e9rt\u00e9kes\u00edt\u00e9s sokr\u00e9t\u0171 hat\u00e1st gyakorol a kultur\u00e1lis vir\u00e1gz\u00e1sra, t\u00e1mogatva minden m\u00e9ret\u0171 \u00e9s ipar\u00e1gi v\u00e1llalkoz\u00e1st. A v\u00e1s\u00e1rok nemcsak a nemzetis\u00e9gek \u00e9s orsz\u00e1gok k\u00f6z\u00f6tti \u00fczleti kapcsolatok er\u0151s\u00edt\u00e9s\u00e9t szolg\u00e1lj\u00e1k, hanem hozz\u00e1j\u00e1rulnak a kult\u00fara, az utaz\u00e1s \u00e9s a nemzetk\u00f6zi egy\u00fcttm\u0171k\u00f6d\u00e9s fejleszt\u00e9s\u00e9hez is.<\/p>\n<p>Ha tov\u00e1bbi hasznos adatokra k\u00edv\u00e1ncsi a magyarorsz\u00e1gi nyaral\u00e1ssal kapcsolatban, l\u00e1togasson el a znaki.fm\/events hivatalos internetes port\u00e1lra.<\/p>\n<p>A koncertek \u00e9s a megzen\u00e9s\u00edtett esem\u00e9nyek tov\u00e1bbra is nagy jelent\u0151s\u00e9ggel b\u00edrnak a tudom\u00e1ny sz\u00e1m\u00e1ra Magyarorsz\u00e1gon.<\/p>\n<table>\n<tbody>\n<tr>\n<td>\n<p>\u00dcnnep<\/p>\n<\/td>\n<td>\n<p>Ideje \u00fcnnepelni<\/p>\n<\/td>\n<td>\n<p>Orsz\u00e1g<\/p>\n<\/td>\n<\/tr>\n<tr>\n<td>\n<p>Cseresznyevir\u00e1gfesztiv\u00e1l<\/p>\n<\/td>\n<td>\n<p>M\u00e1rcius-\u00e1prilis<\/p>\n<\/td>\n<td>\n<p>Jap\u00e1n<\/p>\n<\/td>\n<\/tr>\n<tr>\n<td>\n<p>Mardi Gras<\/p>\n<\/td>\n<td>\n<p>febru\u00e1r-m\u00e1rcius<\/p>\n<\/td>\n<td>\n<p>USA<\/p>\n<\/td>\n<\/tr>\n<tr>\n<td>\n<p>Diwali F\u00e9nyfesztiv\u00e1l<\/p>\n<\/td>\n<td>\n<p>okt\u00f3ber-november<\/p>\n<\/td>\n<td>\n<p>India<\/p>\n<\/td>\n<\/tr>\n<tr>\n<td>\n<p>Burning Man Fesztiv\u00e1l<\/p>\n<\/td>\n<td>\n<p>Augusztus v\u00e9ge \u2013 szeptember eleje<\/p>\n<\/td>\n<td>\n<p>USA<\/p>\n<\/td>\n<\/tr>\n<tr>\n<td>\n<p>Oktoberfest<\/p>\n<\/td>\n<td>\n<p>Szeptember v\u00e9ge \u2013 okt\u00f3ber eleje<\/p>\n<\/td>\n<td>\n<p>N\u00e9metorsz\u00e1g<\/p>\n<\/td>\n<\/tr>\n<tr>\n<td>\n<p>La Tomatina Fesztiv\u00e1l<\/p>\n<\/td>\n<td>\n<p>Augusztus utols\u00f3 szerd\u00e1ja<\/p>\n<\/td>\n<td>\n<p>Spanyolorsz\u00e1g<\/p>\n<\/td>\n<\/tr>\n<tr>\n<td>\n<p>K\u00ednai \u00faj\u00e9v<\/p>\n<\/td>\n<td>\n<p>Janu\u00e1r v\u00e9ge \u2013 febru\u00e1r eleje<\/p>\n<\/td>\n<td>\n<p>K\u00edna<\/p>\n<\/td>\n<\/tr>\n<tr>\n<td>\n<p>Ri\u00f3i karnev\u00e1l<\/p>\n<\/td>\n<td>\n<p>febru\u00e1r-m\u00e1rcius<\/p>\n<\/td>\n<td>\n<p>Braz\u00edlia<\/p>\n<\/td>\n<\/tr>\n<\/tbody>\n<\/table>\n<h2>Magyarorsz\u00e1gi zenei m\u0171sorok \u00e9s szerep\u00fck a kultur\u00e1lis fejl\u0151d\u00e9sben<\/h2>\n<p>A magyarorsz\u00e1gi koncertek hatalmas kultur\u00e1lis esem\u00e9nyek, amelyek \u00f6sszehozz\u00e1k az embereket a m\u0171v\u00e9szet, a zene, a t\u00e9v\u00e9sorozatok, a reg\u00e9nyek \u00e9s m\u00e1s m\u0171v\u00e9szeti \u00e1gak sz\u00f3rakoztat\u00f3 \u00fcnnepl\u00e9s\u00e9re. A fesztiv\u00e1lok helysz\u00edn\u00fcl szolg\u00e1lnak a lehet\u0151s\u00e9gek bemutat\u00e1s\u00e1ra, a tapasztalatok \u00e9s \u00f6tletek cser\u00e9j\u00e9re a k\u00fcl\u00f6nb\u00f6z\u0151 orsz\u00e1gokb\u00f3l \u00e9s vall\u00e1sokb\u00f3l \u00e9rkez\u0151 l\u00e1togat\u00f3k k\u00f6z\u00f6tt. A fesztiv\u00e1lok lehet\u0151s\u00e9get adnak a n\u00e9z\u0151knek nem csak a v\u00e1ltozatos tartalmak \u00e9lvezet\u00e9re, hanem szem\u00e9lyes r\u00e9szv\u00e9telre is mesterkurzusokon, tr\u00e9ningeken \u00e9s vit\u00e1kon, ami hozz\u00e1j\u00e1rul a magyar kult\u00fara l\u00e1t\u00f3k\u00f6r\u00e9nek \u00e9s megbecs\u00fcl\u00e9s\u00e9nek n\u00f6vel\u00e9s\u00e9hez. A koncertek el\u00e9rhet\u0151s\u00e9g\u00fcknek \u00e9s \u00e9rintetts\u00e9g\u00fcknek k\u00f6sz\u00f6nhet\u0151en a legfontosabb szerepet t\u00f6ltik be Magyarorsz\u00e1g t\u00f6rt\u00e9nelmi \u00e9rt\u00e9keinek n\u00e9pszer\u0171s\u00edt\u00e9s\u00e9ben, a kort\u00e1rs m\u0171v\u00e9szet seg\u00edt\u00e9s\u00e9ben \u00e9s a l\u00e1togat\u00f3k alkot\u00f3i tev\u00e9kenys\u00e9g\u00e9nek \u00f6szt\u00f6nz\u00e9s\u00e9ben.<\/p>\n<p>Az esem\u00e9nyek igen jelent\u0151s szerepet j\u00e1tszanak a fiatalok szem\u00e9lyes fejl\u0151d\u00e9s\u00e9ben, a fiatal gener\u00e1ci\u00f3 oktat\u00e1s\u00e1nak \u00e9s \u00f6nkifejez\u00e9s\u00e9nek eszk\u00f6z\u00e9v\u00e9 v\u00e1lva. A fesztiv\u00e1lok k\u00fcl\u00f6nleges lehet\u0151s\u00e9get biztos\u00edtanak a fiatalok sz\u00e1m\u00e1ra, hogy elmer\u00fcljenek a kreativit\u00e1s l\u00e9gk\u00f6r\u00e9ben, inspir\u00e1l\u00f3djanak \u00faj \u00f6tletekb\u0151l \u00e9s tal\u00e1lkozzanak hasonl\u00f3 gondolkod\u00e1s\u00fa emberekkel. A v\u00e1s\u00e1rokon val\u00f3 r\u00e9szv\u00e9tel lehet\u0151s\u00e9get ad a magyar fiataloknak a kritikai gondolkod\u00e1s, az udvariass\u00e1g \u00e9s a kult\u00far\u00e1k soksz\u00edn\u0171s\u00e9g\u00e9nek tiszteletben tart\u00e1sa fejleszt\u00e9s\u00e9re, valamint motiv\u00e1lja \u0151ket saj\u00e1t alkot\u00f3 munk\u00e1k megkezd\u00e9s\u00e9re. A fesztiv\u00e1lok teh\u00e1t nagym\u00e9rt\u00e9kben hozz\u00e1j\u00e1rulnak a m\u0171v\u00e9szileg k\u00e9pzett, kreat\u00edvan akt\u00edv \u00e9s t\u00e1rsadalmilag becs\u00fcletes, a kultur\u00e1lis vil\u00e1gban \u00e9lni felk\u00e9sz\u00fclt fiatalok l\u00e9trehoz\u00e1s\u00e1hoz.<\/p>\n<h2>Magyarorsz\u00e1gi nyaral\u00e1s<\/h2>\n<p>A magyarorsz\u00e1gi \u00fcnneps\u00e9gek fontosak a t\u00e1rsadalom fejl\u0151d\u00e9s\u00e9ben, bemutatj\u00e1k a lakoss\u00e1g gazdag t\u00f6rt\u00e9nelm\u00e9t, m\u0171v\u00e9szeti szok\u00e1sait \u00e9s egyh\u00e1zi \u00e9rt\u00e9keit. Az olyan nemzeti \u00fcnnepekt\u0151l, mint a f\u00fcggetlens\u00e9g napja, amelyeket az eg\u00e9sz csal\u00e1ddal \u00fcnnepelnek, a nemzeti napt\u00e1rban m\u00e9lyen gy\u00f6kerez\u0151 egyh\u00e1zi \u00fcnnepekig, bele\u00e9rtve a Julianus-\u00faj\u00e9vet \u00e9s a h\u00fasv\u00e9tot, mindegyik \u00fcnnep a kultur\u00e1lis hivatkoz\u00e1s \u00e9s a modernit\u00e1s elt\u00e9r\u0151 kombin\u00e1ci\u00f3j\u00e1t tartalmazza. Az \u00e1llami \u00fcnnepi rendezv\u00e9nyek az \u0151sr\u00e9gi hagyom\u00e1nyokat folytatj\u00e1k, \u00f6sszek\u00f6tve az embereket a term\u00e9szettel \u00e9s \u0151seivel, a nagy kultur\u00e1lis v\u00e1s\u00e1rok pedig a lend\u00fcletes n\u00e9pi kultur\u00e1lis energi\u00e1t \u00e9s k\u00e9zm\u0171vess\u00e9get mutatj\u00e1k be. Amint azt m\u00e1r meg\u00e9rtette, a <a href=\"https:\/\/znaki.fm\/hu\/\">znaki.fm<\/a> Inform\u00e1ci\u00f3s weboldalon hatalmas mennyis\u00e9g\u0171 sz\u00fcks\u00e9ges inform\u00e1ci\u00f3t olvashat Magyarorsz\u00e1gr\u00f3l.<\/p>\n<p>Az adatok \u00fcnnepl\u00e9s\u00e9nek fontos szerepe van a magyars\u00e1g fejl\u0151d\u00e9s\u00e9ben, hozz\u00e1j\u00e1rulva a t\u00e1rsadalmi k\u00f6tel\u00e9kek er\u0151s\u00edt\u00e9s\u00e9hez \u00e9s a nemzeti \u00f6ntudat fenntart\u00e1s\u00e1hoz. Az \u00fcnnepek alkalmat adnak arra, hogy kiszakadjunk a mindennapi rutinb\u00f3l, tal\u00e1lkozzunk a csal\u00e1ddal \u00e9s a k\u00f6zeli bar\u00e1tokkal, \u00e1t\u00e9lj\u00fck az \u00f6r\u00f6m \u00e9s a k\u00f6lcs\u00f6n\u00f6s meg\u00e9rt\u00e9s pillanatait. Sok lakos sz\u00e1m\u00e1ra az \u00fcnnepek a szem\u00e9lyes \u00fajj\u00e1sz\u00fclet\u00e9s \u00e9s \u00f6nfejleszt\u00e9s id\u0151szak\u00e1v\u00e1 v\u00e1lnak, lehet\u0151v\u00e9 t\u00e9ve a tengely gy\u00f6kereinek \u00e9s kultur\u00e1lis \u00f6r\u00f6ks\u00e9g\u00e9nek m\u00e9lyebb meg\u00e9rt\u00e9s\u00e9t. Ezeknek a napoknak a jelent\u0151s\u00e9ge messze t\u00falmutat az egyszer\u0171 kikapcsol\u00f3d\u00e1s hat\u00e1rain, az \u00f6nmaga nemzeti \u00e9s szellemi fejl\u0151d\u00e9s\u00e9nek seg\u00edt\u00e9se, a nemzeti integrit\u00e1s jav\u00edt\u00e1sa \u00e9s a felbecs\u00fclhetetlen \u00e9rt\u00e9k\u0171 szok\u00e1sok bemutat\u00e1sa a j\u00f6v\u0151 nemzed\u00e9keinek.<\/p>\n<p>Az \u00fcnnepeket sz\u00e1mos krit\u00e9rium alapj\u00e1n lehet megk\u00fcl\u00f6nb\u00f6ztetni, amelyek t\u00fckr\u00f6zik eredet\u00fcket \u00e9s \u00fcnnepl\u00e9si m\u00f3djukat. \u00cdme az \u00fcnnepek f\u0151bb t\u00edpusai:<\/p>\n<ul>\n<li>Nemzeti \u00fcnnepek: Egy adott \u00e1llam fenn\u00e1ll\u00e1s\u00e1nak fontos t\u00f6rt\u00e9nelmi esem\u00e9nyeihez kapcsol\u00f3dnak, mint p\u00e9ld\u00e1ul a f\u00fcggetlens\u00e9g napja, a k\u00f6zt\u00e1rsas\u00e1g napja, a gy\u0151zelem napja.<\/li>\n<li>Egyh\u00e1zi \u00fcnneps\u00e9gek: \u00dcnnepelje meg az egyh\u00e1zi hagyom\u00e1nyok jelent\u0151s esem\u00e9nyeit \u00e9s alakjait. Ilyen p\u00e9ld\u00e1ul a kar\u00e1csony, a h\u00fasv\u00e9t, a ramad\u00e1n, a hanuka, a diwali \u00e9s m\u00e9g sok m\u00e1s.<\/li>\n<li>Tavaszi esem\u00e9nyek: a v\u00e1ltoz\u00f3 \u00e9vszakokhoz \u00e9s term\u00e9szeti ciklusokhoz kapcsol\u00f3dnak, p\u00e9ld\u00e1ul a tavaszi napfordul\u00f3 \u00fcnnepl\u00e9se.<\/li>\n<li>Vil\u00e1g\u00fcnnepek: a vil\u00e1g sz\u00e1mos orsz\u00e1g\u00e1ban meg\u00fcnnepelt \u00fcnnepek, p\u00e9ld\u00e1ul \u00faj\u00e9v, F\u00f6ld napja, nemzetk\u00f6zi n\u0151nap.<\/li>\n<li>Szakmai \u00fcnnepek: bizonyos szakm\u00e1knak vagy szakter\u00fcleteknek szentelve, mint p\u00e9ld\u00e1ul a pedag\u00f3gusnap, az orvosok napja, a programoz\u00f3k napja.<\/li>\n<li>Magyarorsz\u00e1gi \u00fcnnepek: megengedettek az \u00e1llam \u00e1ltal biztos\u00edtott \u00fcnnepek, bele\u00e9rtve az \u00e1llami \u00e9vfordul\u00f3kat, a fontos \u00e1llampolg\u00e1rok sz\u00fclet\u00e9snapj\u00e1t \u00e9s a t\u00f6rt\u00e9nelmi d\u00e1tumokat.<\/li>\n<li>Szem\u00e9lyes \u00fcnneps\u00e9gek: olyan szem\u00e9lyes \u00fcnnepeket \u00fcnnepel, mint a sz\u00fclet\u00e9snapok, h\u00e1zass\u00e1gi \u00e9vfordul\u00f3k \u00e9s m\u00e1s fontos d\u00e1tumok a magyars\u00e1g \u00e9let\u00e9ben.<\/li>\n<li>Kultur\u00e1lis fesztiv\u00e1lok: bemutatj\u00e1k valakinek a t\u00f6rt\u00e9nelm\u00e9nek vagy k\u00f6z\u00f6ss\u00e9g\u00e9nek alapelveit \u00e9s szok\u00e1sait, p\u00e9ld\u00e1ul karnev\u00e1lokat, sz\u00fcreti fesztiv\u00e1lokat, nemzeti v\u00e1s\u00e1rokat.<\/li>\n<\/ul>\n<p>Az ilyen t\u00edpus\u00fa \u00fcnnepek mindegyike sz\u00fcks\u00e9ges szerepet t\u00f6lt be a t\u00e1rsadalomt\u00f6rt\u00e9netben, seg\u00edti a kultur\u00e1lis, vall\u00e1si \u00e9s nemzeti szok\u00e1sok er\u0151s\u00edt\u00e9s\u00e9t, valamint lehet\u0151s\u00e9get ad a kikapcsol\u00f3d\u00e1sra, sz\u00f3rakoz\u00e1sra \u00e9s \u00fcnnepi kommunik\u00e1ci\u00f3ra.<\/p>\n<h3>T\u00e9li nyaral\u00e1s Magyarorsz\u00e1gon<\/h3>\n<p>A ny\u00e1ri sz\u00fcnet a term\u00e9szet meg\u00fajul\u00e1s\u00e1nak \u00e9s helyre\u00e1ll\u00edt\u00e1s\u00e1nak a jele, el\u00e9gedetts\u00e9g\u00e9rzetet \u00e9s \u00faj kezdeteket hoz mag\u00e1val. A legt\u00f6bb kult\u00far\u00e1ban a tavasz az \u00e9let, a term\u00e9kenys\u00e9g \u00e9s a j\u00f3l\u00e9t \u00fcnnep\u00e9hez k\u00f6t\u0151dik. Ez az az id\u0151, amikor az emberek k\u00fcl\u00f6nb\u00f6z\u0151 \u00fcnnepeket \u00fcnnepelnek, amelyek a kl\u00edmav\u00e1ltoz\u00e1s kezdet\u00e9hez kapcsol\u00f3dnak.<\/p>\n<p>Az \u00e9v k\u00fcl\u00f6nb\u00f6z\u0151 szakaszaiban meg\u00fcnnepelt \u00fcnnepek fontos szerepet j\u00e1tszanak a t\u00e1rsadalom kultur\u00e1lis \u00e9s szellemi fejl\u0151d\u00e9s\u00e9ben, jelad\u00f3k\u00e9nt szolg\u00e1lva az utunk a v\u00e1ltoz\u00f3 \u00e9vszakokon \u00e1t. A t\u00e9li \u00fcnnepek, mint p\u00e9ld\u00e1ul a kar\u00e1csony \u00e9s az \u00faj\u00e9v, f\u00e9nyt \u00e9s \u00f6r\u00f6met hoznak a legs\u00f6t\u00e9tebb szezonalit\u00e1sba, nem hagyj\u00e1k szem el\u0151l t\u00e9veszteni a csal\u00e1d, a bar\u00e1ts\u00e1gok \u00e9s az \u00fajj\u00e1sz\u00fclet\u00e9s fontoss\u00e1g\u00e1t. Ez az az id\u0151szak, amikor a magyarok tal\u00e1lkoznak, azzal a c\u00e9llal, hogy megossz\u00e1k egym\u00e1ssal sz\u00edv\u00fck meleg\u00e9t, aj\u00e1nd\u00e9kokkal vid\u00edts\u00e1k fel \u00e9s rem\u00e9nykedjenek a k\u00f6vetkez\u0151 \u00e9vre. A t\u00e9li \u00fcnneps\u00e9gek eml\u00e9keztetnek a m\u00faltbeli eredm\u00e9nyekre \u00e9s az \u00faj kezdetek lehet\u0151s\u00e9geire.<\/p>\n<p>A tavaszi \u00fcnnepek a term\u00e9szet \u00e9bred\u00e9s\u00e9t \u00fcnneplik, \u00e9s a meg\u00fajul\u00e1st, a tisztas\u00e1got \u00e9s a n\u00f6veked\u00e9st szimboliz\u00e1lj\u00e1k. Ez az az id\u0151, amikor a f\u00f6ld \u00fajra \u00e9letre kel a t\u00e9li \u00e1lom ut\u00e1n, tele vir\u00e1gokkal \u00e9s z\u00f6lddel, \u00e9s a magyarok \u00fcnneplik az \u00faj \u00e9let kezdet\u00e9t, a l\u00e9lek \u00e9s az erk\u00f6lcsi er\u0151 meg\u00fajul\u00e1s\u00e1t. A tavaszi \u00fcnnepek nem feledkeznek meg az \u00e9let ism\u00e9tl\u0151d\u00e9s\u00e9r\u0151l \u00e9s a folyamatos meg\u00fajul\u00e1sr\u00f3l, a term\u00e9szet sz\u00e9ps\u00e9g\u00e9be \u00e9s a l\u00e9t \u00f6r\u00f6m\u00e9be invit\u00e1lva.<\/p>\n<p>A ny\u00e1rnak \u00e9s az \u0151sznek is megvannak a maga egyedi \u00fcnnepei, amelyek bemutatj\u00e1k az orsz\u00e1gok szok\u00e1sainak gazdags\u00e1g\u00e1t \u00e9s soksz\u00edn\u0171s\u00e9g\u00e9t. A ny\u00e1ri karnev\u00e1lokat, mint p\u00e9ld\u00e1ul a napfordul\u00f3 vagy a f\u00fcggetlens\u00e9g napja, gyakran a szabads\u00e1g, a term\u00e9kenys\u00e9g \u00e9s a gazdags\u00e1g \u00fcnnepeihez k\u00f6tik. Itt az ideje m\u00e1s v\u00e1s\u00e1roknak, csal\u00e1di piknikeknek, kir\u00e1ndul\u00e1soknak. Az \u0151szi \u00fcnnepek a betakar\u00edt\u00e1s \u00e9s az ut\u00f3dok el\u0151tt tisztelegnek, egy pillanatot k\u00edn\u00e1lva a m\u00falt elemz\u00e9s\u00e9re \u00e9s a rokonokkal val\u00f3 tal\u00e1lkoz\u00e1sra. Az All Seasons \u00fcnnepeivel megtan\u00edtja a magyarokat \u00e9rt\u00e9kelni azokat a pillanatokat, amelyeket megosztunk m\u00e1sokkal, \u00e9s tudatos\u00edtja benn\u00fcnk a fejl\u0151d\u00e9s \u00e9s az \u00e9vszakok szab\u00e1lyos ciklus\u00e1t.<\/p>\n<p>Emellett a magyarorsz\u00e1gi fizikai versenyek el\u0151seg\u00edtik a t\u00e1rsadalmi egy\u00fcttm\u0171k\u00f6d\u00e9st \u00e9s a k\u00f6lcs\u00f6n\u00f6s meg\u00e9rt\u00e9st a k\u00f6z\u00f6ss\u00e9g minden r\u00e9tege k\u00f6z\u00f6tt.<\/p>\n","protected":false},"excerpt":{"rendered":"<p>A v\u00e1s\u00e1rok jelent\u0151s szerepet j\u00e1tszanak az orsz\u00e1gok gazdas\u00e1gi fejl\u0151d\u00e9s\u00e9ben, k\u00fcl\u00f6nleges lehet\u0151s\u00e9geket biztos\u00edtva az \u00e1ruk \u00e9s szolg\u00e1ltat\u00e1sok \u00e9rt\u00e9kes\u00edt\u00e9s\u00e9re, tapasztalatcser\u00e9re, \u00fczleti kapcsolatok kialak\u00edt\u00e1s\u00e1ra. Ezek a rendezv\u00e9nyek a megfelel\u0151 helysz\u00edn a kis- \u00e9s nagyv\u00e1llalkoz\u00e1sok sz\u00e1m\u00e1ra, lehet\u0151s\u00e9get adnak az \u00fczletemberek sz\u00e1m\u00e1ra a nyeres\u00e9ges piacok fel\u00e9 t\u00f6rt\u00e9n\u0151 el\u0151ret\u00f6r\u00e9sre, potenci\u00e1lis vev\u0151k, partnerek felkutat\u00e1s\u00e1ra, a versenyt\u00e1rsadalom megismer\u00e9s\u00e9re. Ha \u00e9rdekli a t\u00e9ma a [&hellip;]<\/p>\n","protected":false},"author":724,"featured_media":0,"comment_status":"open","ping_status":"open","sticky":false,"template":"","format":"standard","meta":{"footnotes":""},"categories":[1],"tags":[],"class_list":["post-39613","post","type-post","status-publish","format-standard","hentry","category-uncategorized"],"_links":{"self":[{"href":"https:\/\/thebeautyscope.in\/index.php\/wp-json\/wp\/v2\/posts\/39613"}],"collection":[{"href":"https:\/\/thebeautyscope.in\/index.php\/wp-json\/wp\/v2\/posts"}],"about":[{"href":"https:\/\/thebeautyscope.in\/index.php\/wp-json\/wp\/v2\/types\/post"}],"author":[{"embeddable":true,"href":"https:\/\/thebeautyscope.in\/index.php\/wp-json\/wp\/v2\/users\/724"}],"replies":[{"embeddable":true,"href":"https:\/\/thebeautyscope.in\/index.php\/wp-json\/wp\/v2\/comments?post=39613"}],"version-history":[{"count":1,"href":"https:\/\/thebeautyscope.in\/index.php\/wp-json\/wp\/v2\/posts\/39613\/revisions"}],"predecessor-version":[{"id":39614,"href":"https:\/\/thebeautyscope.in\/index.php\/wp-json\/wp\/v2\/posts\/39613\/revisions\/39614"}],"wp:attachment":[{"href":"https:\/\/thebeautyscope.in\/index.php\/wp-json\/wp\/v2\/media?parent=39613"}],"wp:term":[{"taxonomy":"category","embeddable":true,"href":"https:\/\/thebeautyscope.in\/index.php\/wp-json\/wp\/v2\/categories?post=39613"},{"taxonomy":"post_tag","embeddable":true,"href":"https:\/\/thebeautyscope.in\/index.php\/wp-json\/wp\/v2\/tags?post=39613"}],"curies":[{"name":"wp","href":"https:\/\/api.w.org\/{rel}","templated":true}]}}