{"id":6056,"date":"2021-04-09T11:21:31","date_gmt":"2021-04-09T11:21:31","guid":{"rendered":"https:\/\/thebeautyscope.in\/index.php\/2021\/04\/09\/feel-the-summer-vibes-with-radiant-professional-make-up\/"},"modified":"2021-04-09T11:21:31","modified_gmt":"2021-04-09T11:21:31","slug":"feel-the-summer-vibes-with-radiant-professional-make-up","status":"publish","type":"post","link":"https:\/\/thebeautyscope.in\/index.php\/2021\/04\/09\/feel-the-summer-vibes-with-radiant-professional-make-up\/","title":{"rendered":"Feel the summer vibes with Radiant Professional Make Up"},"content":{"rendered":"<p>\ud83c\udf1e Vrei un look natural, de var\u0103? Un ten glowy \u0219i buze glossy, \u00een culori vibrante? Un p\u0103r hidratat, s\u0103n\u0103tos, care str\u0103luce\u0219te \u00een razele soarelui?<\/p>\n<p>\ud83d\ude4c Descoper\u0103 produsele specializate Radiant Professional Make up, d\u0103 fr\u00e2u imagina\u021biei \u0219i eviden\u021biaz\u0103-\u021bi frumuse\u021bea. Iar dac\u0103 ai nevoie de sfaturi personalizate, conteaz\u0103 pe consilierii din magazin.<\/p>\n<p>\ud83d\udccd Magazinul este situat la etajul 1, l\u00e2ng\u0103 Jolidon<br \/>\n<br \/><a href=\"https:\/\/www.youtube.com\/watch?v=3pl7BeWgyHM\">source<\/a><\/p>\n","protected":false},"excerpt":{"rendered":"<p>\ud83c\udf1e Vrei un look natural, de var\u0103? Un ten glowy \u0219i buze glossy, \u00een culori vibrante? Un p\u0103r hidratat, s\u0103n\u0103tos, care str\u0103luce\u0219te \u00een razele soarelui? \ud83d\ude4c Descoper\u0103 produsele specializate Radiant Professional Make up, d\u0103 fr\u00e2u imagina\u021biei \u0219i eviden\u021biaz\u0103-\u021bi frumuse\u021bea. Iar dac\u0103 ai nevoie de sfaturi personalizate, conteaz\u0103 pe consilierii din magazin. \ud83d\udccd Magazinul este situat [&hellip;]<\/p>\n","protected":false},"author":1,"featured_media":6057,"comment_status":"open","ping_status":"open","sticky":false,"template":"","format":"video","meta":{"footnotes":""},"categories":[6],"tags":[1153,199,2063,483,5901],"class_list":["post-6056","post","type-post","status-publish","format-video","has-post-thumbnail","hentry","category-make-up","tag-feel","tag-professional","tag-radiant","tag-summer","tag-vibes","post_format-post-format-video"],"_links":{"self":[{"href":"https:\/\/thebeautyscope.in\/index.php\/wp-json\/wp\/v2\/posts\/6056"}],"collection":[{"href":"https:\/\/thebeautyscope.in\/index.php\/wp-json\/wp\/v2\/posts"}],"about":[{"href":"https:\/\/thebeautyscope.in\/index.php\/wp-json\/wp\/v2\/types\/post"}],"author":[{"embeddable":true,"href":"https:\/\/thebeautyscope.in\/index.php\/wp-json\/wp\/v2\/users\/1"}],"replies":[{"embeddable":true,"href":"https:\/\/thebeautyscope.in\/index.php\/wp-json\/wp\/v2\/comments?post=6056"}],"version-history":[{"count":0,"href":"https:\/\/thebeautyscope.in\/index.php\/wp-json\/wp\/v2\/posts\/6056\/revisions"}],"wp:featuredmedia":[{"embeddable":true,"href":"https:\/\/thebeautyscope.in\/index.php\/wp-json\/wp\/v2\/media\/6057"}],"wp:attachment":[{"href":"https:\/\/thebeautyscope.in\/index.php\/wp-json\/wp\/v2\/media?parent=6056"}],"wp:term":[{"taxonomy":"category","embeddable":true,"href":"https:\/\/thebeautyscope.in\/index.php\/wp-json\/wp\/v2\/categories?post=6056"},{"taxonomy":"post_tag","embeddable":true,"href":"https:\/\/thebeautyscope.in\/index.php\/wp-json\/wp\/v2\/tags?post=6056"}],"curies":[{"name":"wp","href":"https:\/\/api.w.org\/{rel}","templated":true}]}}