{"id":8118,"date":"2021-04-20T17:43:28","date_gmt":"2021-04-20T17:43:28","guid":{"rendered":"https:\/\/thebeautyscope.in\/index.php\/2021\/04\/20\/hydrafacial-veido-valymo-procedura-www-amberesthetic-lt\/"},"modified":"2021-04-20T17:43:28","modified_gmt":"2021-04-20T17:43:28","slug":"hydrafacial-veido-valymo-procedura-www-amberesthetic-lt","status":"publish","type":"post","link":"https:\/\/thebeautyscope.in\/index.php\/2021\/04\/20\/hydrafacial-veido-valymo-procedura-www-amberesthetic-lt\/","title":{"rendered":"HydraFacial veido valymo proced\u016bra | www.amberesthetic.lt"},"content":{"rendered":"<p>Ar po veido valymo proced\u016br\u0173 veido valymas kelias dienas atrodo negra\u017eiai?<\/p>\n<p>HydraFacial proced\u016bra yra \u0161velni J\u016bs\u0173 veido odai, j\u0105 puikiai i\u0161valo, atgaivina bei sudr\u0117kina. Po jos nereik\u0117s kelias dienas sl\u0117pti veido, o puikius rezultatus pasteb\u0117site jau t\u0105 pa\u010di\u0105 dien\u0105!<\/p>\n<p>Daugiau informacijos: <\/p>\n<p>Maloniai kvie\u010diame apsilankyti! <\/p>\n<p>Adresas: Popieriaus g. 16, Kaunas<br \/>\nEl. pa\u0161tas: info@amberesthetic.lt<br \/>\nTel. nr. : +37061363855<br \/>\n<br \/><a href=\"https:\/\/www.youtube.com\/watch?v=-jsVwsATbAI\">source<\/a><\/p>\n","protected":false},"excerpt":{"rendered":"<p>Ar po veido valymo proced\u016br\u0173 veido valymas kelias dienas atrodo negra\u017eiai? HydraFacial proced\u016bra yra \u0161velni J\u016bs\u0173 veido odai, j\u0105 puikiai i\u0161valo, atgaivina bei sudr\u0117kina. Po jos nereik\u0117s kelias dienas sl\u0117pti veido, o puikius rezultatus pasteb\u0117site jau t\u0105 pa\u010di\u0105 dien\u0105! Daugiau informacijos: Maloniai kvie\u010diame apsilankyti! Adresas: Popieriaus g. 16, Kaunas El. pa\u0161tas: info@amberesthetic.lt Tel. nr. : [&hellip;]<\/p>\n","protected":false},"author":1,"featured_media":8119,"comment_status":"open","ping_status":"open","sticky":false,"template":"","format":"video","meta":{"footnotes":""},"categories":[3],"tags":[71,1734,7687,7373,7688],"class_list":["post-8118","post","type-post","status-publish","format-video","has-post-thumbnail","hentry","category-aesthetics","tag-hydrafacial","tag-procedura","tag-valymo","tag-veido","tag-wwwamberestheticlt","post_format-post-format-video"],"_links":{"self":[{"href":"https:\/\/thebeautyscope.in\/index.php\/wp-json\/wp\/v2\/posts\/8118"}],"collection":[{"href":"https:\/\/thebeautyscope.in\/index.php\/wp-json\/wp\/v2\/posts"}],"about":[{"href":"https:\/\/thebeautyscope.in\/index.php\/wp-json\/wp\/v2\/types\/post"}],"author":[{"embeddable":true,"href":"https:\/\/thebeautyscope.in\/index.php\/wp-json\/wp\/v2\/users\/1"}],"replies":[{"embeddable":true,"href":"https:\/\/thebeautyscope.in\/index.php\/wp-json\/wp\/v2\/comments?post=8118"}],"version-history":[{"count":0,"href":"https:\/\/thebeautyscope.in\/index.php\/wp-json\/wp\/v2\/posts\/8118\/revisions"}],"wp:featuredmedia":[{"embeddable":true,"href":"https:\/\/thebeautyscope.in\/index.php\/wp-json\/wp\/v2\/media\/8119"}],"wp:attachment":[{"href":"https:\/\/thebeautyscope.in\/index.php\/wp-json\/wp\/v2\/media?parent=8118"}],"wp:term":[{"taxonomy":"category","embeddable":true,"href":"https:\/\/thebeautyscope.in\/index.php\/wp-json\/wp\/v2\/categories?post=8118"},{"taxonomy":"post_tag","embeddable":true,"href":"https:\/\/thebeautyscope.in\/index.php\/wp-json\/wp\/v2\/tags?post=8118"}],"curies":[{"name":"wp","href":"https:\/\/api.w.org\/{rel}","templated":true}]}}